{"id":232216,"date":"2016-05-24T09:08:13","date_gmt":"2016-05-24T06:08:13","guid":{"rendered":"http:\/\/www.nationalturk.com\/?p=232216"},"modified":"2016-05-24T09:08:13","modified_gmt":"2016-05-24T06:08:13","slug":"arda-turan-hayalim-sampiyonlar-ligi-kupasi","status":"publish","type":"post","link":"https:\/\/www.nationalturk.com\/tr\/arda-turan-hayalim-sampiyonlar-ligi-kupasi\/","title":{"rendered":"Arda Turan: Hayalim \u015eampiyonlar Ligi kupas\u0131"},"content":{"rendered":"<h1>Barcelona formas\u0131 giyen milli futbolcu Arda Turan, &#8220;Kariyerimde \u00e7ok \u00f6nemli kupalar\u0131 kazand\u0131m ama hayalim, \u015eampiyonlar Ligi kupas\u0131n\u0131 kazanmak&#8221; dedi.<\/h1>\n<p>Swissotel&#8217;de d\u00fczenlenen 62. Gillette&amp;Milliyet Y\u0131l\u0131n Sporcusu \u00d6d\u00fclleri t\u00f6reni \u00f6ncesi bas\u0131n mensuplar\u0131na a\u00e7\u0131klamalarda bulunan milli futbolcu, Barcelona ile d\u00fcn \u0130spanya Kral Kupas\u0131&#8217;n\u0131 kazand\u0131\u011f\u0131n\u0131 hat\u0131rlatt\u0131.<\/p>\n<p>D\u00fczenlenen gecede &#8220;y\u0131l\u0131n futbolcusu&#8221; \u00f6d\u00fcl\u00fcn\u00fc alan Arda, kendisi i\u00e7in enteresan bir sezonu geride b\u0131rakt\u0131\u011f\u0131n\u0131 belirterek, &#8220;Kariyerimde \u00e7ok \u00f6nemli kupalar\u0131 kazand\u0131m ama hayalim, \u015eampiyonlar Ligi kupas\u0131n\u0131 kazanmak. Benim i\u00e7in enteresan bir seneydi. Ufak tefek sallant\u0131lar oldu. Bu sene di\u011fer senelere g\u00f6re daha az oynad\u0131m ama biliyorsunuz f\u0131rt\u0131nadan sonraki g\u00fczellikler hep hat\u0131rlan\u0131r. \u00d6nemli olan Barcelona&#8217;da olabilmek, Barcelona&#8217;n\u0131n bir par\u00e7as\u0131 olabilmek.&#8221; ifadelerini kulland\u0131.<\/p>\n<p>&#8220;Gurur duyulacak bir milli tak\u0131m izlettirece\u011fiz&#8221;<\/p>\n<p>Fransa&#8217;da d\u00fczenlenecek 2016 Avrupa Futbol \u015eampiyonas\u0131&#8217;na (EURO 2016) en iyi \u015fekilde haz\u0131rl\u0131klar\u0131n\u0131 ifade eden Arda Turan, &#8220;\u00c7ok g\u00fczel 1,5 sene ge\u00e7irdik hep beraber. Elimizden gelenin en iyisini yapaca\u011f\u0131z. \u00dclkemizin bizimle gurur duyaca\u011f\u0131 bir tak\u0131m izlettirece\u011fiz herkese.&#8221; \u015feklinde konu\u015ftu.<\/p>\n<p>&#8220;Be\u015fikta\u015f hak ederek \u015fampiyon oldu&#8221;<\/p>\n<p>Be\u015fikta\u015f&#8217;\u0131 \u015fampiyonluktan dolay\u0131 tebrik eden Arda, &#8220;Be\u015fikta\u015f bu sezon \u00e7ok iyi futbol oynayarak, hak ederek \u015fampiyon oldu. Be\u015fikta\u015f camias\u0131n\u0131, ba\u015fkan\u0131n\u0131, \u015eenol hocay\u0131 ve oyuncu arkada\u015flar\u0131m\u0131 tebrik ediyorum. \u00c7ok g\u00fczel bir yar\u0131\u015f oldu. Fenerbah\u00e7e&#8217;yi de tebrik ediyorum. Her \u015fey keyifliydi.&#8221; diyerek s\u00f6zlerini tamamlad\u0131.<\/p>\n<!-- Error, Advert is not available at this time due to schedule\/geolocation restrictions! -->\n","protected":false},"excerpt":{"rendered":"<p>Barcelona formas\u0131 giyen milli futbolcu Arda Turan, &#8220;Kariyerimde \u00e7ok \u00f6nemli kupalar\u0131 kazand\u0131m ama hayalim, \u015eampiyonlar Ligi kupas\u0131n\u0131 kazanmak&#8221; dedi.<\/p>\n","protected":false},"author":3,"featured_media":232218,"comment_status":"open","ping_status":"open","sticky":false,"template":"","format":"standard","meta":{"_acf_changed":false,"footnotes":""},"categories":[6774,5005,6194],"tags":[6335,1038,21765,15,828],"class_list":["post-232216","post","type-post","status-publish","format-standard","has-post-thumbnail","hentry","category-futbol","category-manset","category-spor","tag-arda-turan","tag-barcelona","tag-euro-2016","tag-ispanya","tag-sampiyonlar-ligi"],"acf":[],"_links":{"self":[{"href":"https:\/\/www.nationalturk.com\/tr\/wp-json\/wp\/v2\/posts\/232216","targetHints":{"allow":["GET"]}}],"collection":[{"href":"https:\/\/www.nationalturk.com\/tr\/wp-json\/wp\/v2\/posts"}],"about":[{"href":"https:\/\/www.nationalturk.com\/tr\/wp-json\/wp\/v2\/types\/post"}],"author":[{"embeddable":true,"href":"https:\/\/www.nationalturk.com\/tr\/wp-json\/wp\/v2\/users\/3"}],"replies":[{"embeddable":true,"href":"https:\/\/www.nationalturk.com\/tr\/wp-json\/wp\/v2\/comments?post=232216"}],"version-history":[{"count":0,"href":"https:\/\/www.nationalturk.com\/tr\/wp-json\/wp\/v2\/posts\/232216\/revisions"}],"wp:featuredmedia":[{"embeddable":true,"href":"https:\/\/www.nationalturk.com\/tr\/wp-json\/wp\/v2\/media\/232218"}],"wp:attachment":[{"href":"https:\/\/www.nationalturk.com\/tr\/wp-json\/wp\/v2\/media?parent=232216"}],"wp:term":[{"taxonomy":"category","embeddable":true,"href":"https:\/\/www.nationalturk.com\/tr\/wp-json\/wp\/v2\/categories?post=232216"},{"taxonomy":"post_tag","embeddable":true,"href":"https:\/\/www.nationalturk.com\/tr\/wp-json\/wp\/v2\/tags?post=232216"}],"curies":[{"name":"wp","href":"https:\/\/api.w.org\/{rel}","templated":true}]}}