{"id":232371,"date":"2016-05-26T08:41:06","date_gmt":"2016-05-26T05:41:06","guid":{"rendered":"http:\/\/www.nationalturk.com\/?p=232371"},"modified":"2022-09-24T19:38:58","modified_gmt":"2022-09-24T16:38:58","slug":"g7-zirvesi-japonya-basladi","status":"publish","type":"post","link":"https:\/\/www.nationalturk.com\/tr\/g7-zirvesi-japonya-basladi\/","title":{"rendered":"G7 Zirvesi Japonya&#8217;da ba\u015flad\u0131"},"content":{"rendered":"<h1>Sanayile\u015fmi\u015f 7 \u00fclkenin liderlerini bir araya getiren G7 Zirvesi Japonya&#8217;n\u0131n ev sahipli\u011finde Kashikojima Adas\u0131&#8217;nda ba\u015flad\u0131.<\/h1>\n<p>\u0130ki g\u00fcn s\u00fcrecek zirvenin en \u00f6nemli g\u00fcndem maddesini ekonomi ve ticaret olu\u015fturacak. K\u00fcresel ekonomideki belirsizliklerin ve risklerin yan\u0131 s\u0131ra geli\u015fmekte olan ekonomilerde ya\u015fanan durgunluk, petrol fiyatlar\u0131ndaki d\u00fc\u015f\u00fc\u015f ve gerileyen ticaret hacimleri toplant\u0131 g\u00fcndeminin \u00fcst s\u0131ralar\u0131nda yer al\u0131yor.<\/p>\n<p>D\u0131\u015f politika ba\u015fl\u0131klar\u0131 da toplant\u0131da g\u00f6r\u00fc\u015f\u00fclecek en s\u0131cak konular aras\u0131nda bulunuyor. Kuzey Kore&#8217;nin n\u00fckleer program\u0131, \u00c7in&#8217;in Do\u011fu ve G\u00fcney \u00c7in Denizi&#8217;nde egemenlik iddia etmesi, Ortado\u011fu&#8217;da ya\u015fanan geli\u015fmeler, s\u0131\u011f\u0131nmac\u0131 krizi, ter\u00f6rle m\u00fccadele, Rusya&#8217;n\u0131n Ukrayna&#8217;daki faaliyetleri toplant\u0131da g\u00f6r\u00fc\u015f\u00fclecek en \u00f6nemli d\u0131\u015f politika konular\u0131 olarak dikkati \u00e7ekiyor.\u00a0Ev sahibi Japonya&#8217;n\u0131n, Pekin&#8217;e kar\u015f\u0131 i\u015fbirli\u011fi i\u00e7in fikir al\u0131\u015fveri\u015finde bulunmas\u0131 bekleniyor.<\/p>\n<!-- Error, Advert is not available at this time due to schedule\/geolocation restrictions! -->\n<p>En son 2008&#8217;de Hokkaido&#8217;da yap\u0131lan G7 Zirvesine ev sahipli\u011fi yapan Japonya, 8 y\u0131l aradan sonra yeniden d\u00fcnya liderlerini a\u011f\u0131rl\u0131yor. Bu seferki zirve, Tokyo&#8217;nun yakla\u015f\u0131k 300 kilometre g\u00fcneybat\u0131s\u0131nda, Kii yar\u0131madas\u0131n\u0131n pasifik sahilinde yer alan \u0130se ve \u015eima kentlerinde yap\u0131l\u0131yor.<\/p>\n<p>Liderlerin bir araya gelece\u011fi yer olarak 0,7 kilometrekare alana sahip Kashikojima Adas\u0131 se\u00e7ildi. Ula\u015f\u0131m ve g\u00fcvenlik a\u00e7\u0131s\u0131ndan olduk\u00e7a elveri\u015fli konuma sahip adac\u0131k Nagoya&#8217;daki Chubu Centrair Uluslararas\u0131 Havaalan\u0131na 60 kilometre mesafede bulunuyor ve iki k\u00f6pr\u00fc ile as\u0131l adaya ba\u011flan\u0131yor. 1929&#8217;a kadar kimsenin ya\u015famad\u0131\u011f\u0131 ada b\u00f6lgeye demiryolunun gelmesinin ard\u0131ndan in\u015fa edilen otellerle turizme kazand\u0131r\u0131lm\u0131\u015f. Toplant\u0131n\u0131n g\u00fcvenli\u011finin sa\u011flanmas\u0131 i\u00e7in 23 bin polis g\u00f6rev yap\u0131yor.<\/p>\n<p>G7, ABD, Almanya, Fransa, \u0130talya, \u0130ngiltere ve Kanada&#8217;dan olu\u015fuyor. Grupta Avrupa Birli\u011fi de temsil ediliyor.<\/p>\n<!-- Error, Advert is not available at this time due to schedule\/geolocation restrictions! -->\n","protected":false},"excerpt":{"rendered":"<p>Sanayile\u015fmi\u015f 7 \u00fclkenin liderlerini bir araya getiren G7 Zirvesi Japonya&#8217;n\u0131n ev sahipli\u011finde Kashikojima Adas\u0131&#8217;nda ba\u015flad\u0131.<\/p>\n","protected":false},"author":3,"featured_media":232374,"comment_status":"open","ping_status":"open","sticky":false,"template":"","format":"standard","meta":{"_acf_changed":false,"footnotes":""},"categories":[6769,6665,6199,6155,5005,220816],"tags":[1887,195946,191251,205740,3967,863],"class_list":["post-232371","post","type-post","status-publish","format-standard","has-post-thumbnail","hentry","category-asya","category-dunya","category-ekonomi","category-gundem","category-manset","category-uzak-dogu","tag-abd","tag-ekonomi","tag-g7","tag-g7-zirvesi","tag-guney-kore","tag-japonya"],"acf":[],"_links":{"self":[{"href":"https:\/\/www.nationalturk.com\/tr\/wp-json\/wp\/v2\/posts\/232371","targetHints":{"allow":["GET"]}}],"collection":[{"href":"https:\/\/www.nationalturk.com\/tr\/wp-json\/wp\/v2\/posts"}],"about":[{"href":"https:\/\/www.nationalturk.com\/tr\/wp-json\/wp\/v2\/types\/post"}],"author":[{"embeddable":true,"href":"https:\/\/www.nationalturk.com\/tr\/wp-json\/wp\/v2\/users\/3"}],"replies":[{"embeddable":true,"href":"https:\/\/www.nationalturk.com\/tr\/wp-json\/wp\/v2\/comments?post=232371"}],"version-history":[{"count":0,"href":"https:\/\/www.nationalturk.com\/tr\/wp-json\/wp\/v2\/posts\/232371\/revisions"}],"wp:featuredmedia":[{"embeddable":true,"href":"https:\/\/www.nationalturk.com\/tr\/wp-json\/wp\/v2\/media\/232374"}],"wp:attachment":[{"href":"https:\/\/www.nationalturk.com\/tr\/wp-json\/wp\/v2\/media?parent=232371"}],"wp:term":[{"taxonomy":"category","embeddable":true,"href":"https:\/\/www.nationalturk.com\/tr\/wp-json\/wp\/v2\/categories?post=232371"},{"taxonomy":"post_tag","embeddable":true,"href":"https:\/\/www.nationalturk.com\/tr\/wp-json\/wp\/v2\/tags?post=232371"}],"curies":[{"name":"wp","href":"https:\/\/api.w.org\/{rel}","templated":true}]}}