{"id":232700,"date":"2016-06-01T14:47:52","date_gmt":"2016-06-01T11:47:52","guid":{"rendered":"http:\/\/www.nationalturk.com\/?p=232700"},"modified":"2016-06-01T14:47:52","modified_gmt":"2016-06-01T11:47:52","slug":"italyan-ascilardan-gazzeye-destek","status":"publish","type":"post","link":"https:\/\/www.nationalturk.com\/tr\/italyan-ascilardan-gazzeye-destek\/","title":{"rendered":"\u0130talyan a\u015f\u00e7\u0131lardan Gazze&#8217;ye destek"},"content":{"rendered":"<h1>\u0130talyal\u0131 a\u015f\u00e7\u0131lar, \u0130srail sald\u0131r\u0131lar\u0131 ve ablukas\u0131n\u0131n yaralar\u0131n\u0131 sarmaya \u00e7al\u0131\u015fan Gazze \u015eeridi&#8217;nde Filistinli \u015fef ve ev han\u0131mlar\u0131na \u0130talyan usul\u00fc pizza ve makarna yapmay\u0131 \u00f6\u011fretti.<\/h1>\n<p>Gazze \u015eeridi&#8217;yle dayan\u0131\u015fma ve buradaki insanlar\u0131 \u0130srail ablukas\u0131n\u0131n dayatt\u0131\u011f\u0131 bask\u0131 ortam\u0131ndan \u00e7\u0131karmak i\u00e7in Gazze \u015eeridi&#8217;ne gelen 3 a\u015f\u00e7\u0131 \u0130talyan usul\u00fc pizza ve makarna yap\u0131m\u0131 at\u00f6lyesi a\u00e7t\u0131.<\/p>\n<p>AA muhabirine konu\u015fan \u0130talyan a\u015f\u00e7\u0131 Maurizio Domingo (45), \u0130talya&#8217;n\u0131n Sardinya adas\u0131nda pizza \u00fczerine bir lokantaya sahip oldu\u011funu ancak Bat\u0131 \u015eeria ve Gazze \u015eeridi&#8217;nde \u0130talyan k\u00fclt\u00fcr\u00fc ve yemeklerinin s\u0131rr\u0131n\u0131 tan\u0131taca\u011f\u0131 bu tura kat\u0131lmak i\u00e7in lokantas\u0131n\u0131 yakla\u015f\u0131k 1 ayd\u0131r kapatt\u0131\u011f\u0131n\u0131 belirtti.<\/p>\n<p>Domingo, 13 ya\u015f\u0131ndan beri pizza yapt\u0131\u011f\u0131n\u0131 ve y\u00fcksek \u00f6\u011frenimini otelcilik alan\u0131nda tamamlad\u0131\u011f\u0131n\u0131 anlatarak, &#8220;Gazze \u015eeridi&#8217;ne, 10 y\u0131ldan bu yana abluka alt\u0131nda olan halkla dayan\u0131\u015fma i\u00e7in geldik. Di\u011fer bir geli\u015f amac\u0131m\u0131z ise a\u015f\u00e7\u0131lara mutfa\u011fa sayg\u0131 g\u00f6stermeyi, sade malzemeleri kullanmaya \u00f6zen g\u00f6stererek pizza ve makarna yap\u0131m a\u015famalar\u0131n\u0131 \u00f6\u011fretmek.&#8221; dedi.<\/p>\n<p>Ziyaret etti\u011fi bir lokantada Filistin&#8217;in geleneksel yeme\u011fi olan, bol sumakl\u0131 tavuk, so\u011fan ve sa\u00e7 ekme\u011fi kullan\u0131larak pi\u015firilen &#8220;musahhan&#8221; isimli yeme\u011fi \u00f6\u011frendi\u011fini s\u00f6yleyen Domingo, Gazze&#8217;de y\u00f6resel yemek pi\u015firme k\u00fclt\u00fcr\u00fcn\u00fc \u00f6\u011frenmek istedi\u011fini ifade etti.<\/p>\n<p>Domingo, buradaki at\u00f6lye \u00e7al\u0131\u015fmalar\u0131yla insanlar\u0131 ablukan\u0131n etkisinden uzakla\u015ft\u0131rmak i\u00e7in \u0130talya ve Gazze aras\u0131nda manevi k\u00f6pr\u00fc in\u015fa etmeyi arzulad\u0131klar\u0131n\u0131 belirtti.<\/p>\n<p>\u015eef Maurizio Domingo&#8217;nun yard\u0131mc\u0131s\u0131 a\u015f\u00e7\u0131 Maria Beratsu (45), Gazze&#8217;yi ilk ziyaretinin 2014&#8217;teki \u0130srail sald\u0131r\u0131lar\u0131n\u0131n ard\u0131ndan ger\u00e7ekle\u015ftirildi\u011fini ve burada M\u00fcsl\u00fcman oldu\u011funu dile getirdi.<\/p>\n<p>&#8211; Gazze&#8217;de kad\u0131nlar \u0130talyan yemeklerini be\u011fendi<\/p>\n<p>Beratsu, &#8220;Sadece \u0130talyan usul\u00fc pizza ve makarna \u00f6\u011fretmek i\u00e7in buraya gelmedik. Ayn\u0131 zamanda medyan\u0131n g\u00f6sterdi\u011finden farkl\u0131 bir Gazze imaj\u0131n\u0131 g\u00f6stermek i\u00e7in buraday\u0131z. Buradakiler \u0130brani bas\u0131n\u0131n iddia etti\u011fi gibi ter\u00f6rist de\u011fil insanc\u0131llar. \u0130nsanlar mutluluk i\u00e7inde. Sava\u015f g\u00fcnlerinde h\u00fcz\u00fcn ya\u015f\u0131yorlar.&#8221; diye konu\u015ftu.<\/p>\n<p>Gazze&#8217;deki kad\u0131nlara \u0130talyan yemekleri \u00f6\u011fretti\u011fi i\u00e7in mutlu oldu\u011funu kaydeden Beratsu, Gazze&#8217;deki kad\u0131nlar\u0131n \u00f6\u011fretilen yemekleri be\u011fendiklerini ve ramazan ay\u0131nda ana yemek olarak iftar sofralar\u0131na getireceklerini ifade ettiklerini anlatt\u0131.<\/p>\n<p>Filistinli gen\u00e7 a\u015f\u00e7\u0131 Ramiz Naci (23) ise \u0130talyan a\u015f\u00e7\u0131lardan ders alma \u015fans\u0131 buldu\u011fu i\u00e7in \u00e7ok mutlu oldu\u011funu s\u00f6yleyerek, &#8220;Pizza, makarna ve me\u015fhur soslar\u0131 \u00f6\u011frenmek i\u00e7in \u0130talya&#8217;ya gitmeyi hayal ederdik. \u0130talyal\u0131 a\u015f\u00e7\u0131lar mesafeyi k\u0131saltt\u0131 ve hayallerimiz ger\u00e7ek oldu.&#8221; diyerek ya\u015fad\u0131\u011f\u0131 mutlulu\u011fu payla\u015ft\u0131.<\/p>\n<p>Hamas&#8217;\u0131n 2006&#8217;da Filistin&#8217;de genel se\u00e7imi kazanmas\u0131n\u0131n ard\u0131ndan \u0130srail, Gazze \u015eeridi&#8217;ne abluka uygulamaya ba\u015flam\u0131\u015ft\u0131.<\/p>\n<!-- Error, Advert is not available at this time due to schedule\/geolocation restrictions! -->\n","protected":false},"excerpt":{"rendered":"<p>\u0130talyal\u0131 a\u015f\u00e7\u0131lar, \u0130srail sald\u0131r\u0131lar\u0131 ve ablukas\u0131n\u0131n yaralar\u0131n\u0131 sarmaya \u00e7al\u0131\u015fan Gazze \u015eeridi&#8217;nde Filistinli \u015fef ve ev han\u0131mlar\u0131na \u0130talyan usul\u00fc pizza ve makarna yapmay\u0131 \u00f6\u011fretti.<\/p>\n","protected":false},"author":4,"featured_media":232701,"comment_status":"open","ping_status":"open","sticky":false,"template":"","format":"standard","meta":{"_acf_changed":false,"footnotes":""},"categories":[6770,6665,6155,6772],"tags":[7362,29279,6963,11334,10,169000],"class_list":["post-232700","post","type-post","status-publish","format-standard","has-post-thumbnail","hentry","category-avrupa","category-dunya","category-gundem","category-ortadogu","tag-filistin","tag-filistin-gazze","tag-gazze","tag-gazze-seridi","tag-italya","tag-italya-gazze"],"acf":[],"_links":{"self":[{"href":"https:\/\/www.nationalturk.com\/tr\/wp-json\/wp\/v2\/posts\/232700","targetHints":{"allow":["GET"]}}],"collection":[{"href":"https:\/\/www.nationalturk.com\/tr\/wp-json\/wp\/v2\/posts"}],"about":[{"href":"https:\/\/www.nationalturk.com\/tr\/wp-json\/wp\/v2\/types\/post"}],"author":[{"embeddable":true,"href":"https:\/\/www.nationalturk.com\/tr\/wp-json\/wp\/v2\/users\/4"}],"replies":[{"embeddable":true,"href":"https:\/\/www.nationalturk.com\/tr\/wp-json\/wp\/v2\/comments?post=232700"}],"version-history":[{"count":0,"href":"https:\/\/www.nationalturk.com\/tr\/wp-json\/wp\/v2\/posts\/232700\/revisions"}],"wp:featuredmedia":[{"embeddable":true,"href":"https:\/\/www.nationalturk.com\/tr\/wp-json\/wp\/v2\/media\/232701"}],"wp:attachment":[{"href":"https:\/\/www.nationalturk.com\/tr\/wp-json\/wp\/v2\/media?parent=232700"}],"wp:term":[{"taxonomy":"category","embeddable":true,"href":"https:\/\/www.nationalturk.com\/tr\/wp-json\/wp\/v2\/categories?post=232700"},{"taxonomy":"post_tag","embeddable":true,"href":"https:\/\/www.nationalturk.com\/tr\/wp-json\/wp\/v2\/tags?post=232700"}],"curies":[{"name":"wp","href":"https:\/\/api.w.org\/{rel}","templated":true}]}}