{"id":232711,"date":"2016-06-01T16:28:16","date_gmt":"2016-06-01T13:28:16","guid":{"rendered":"http:\/\/www.nationalturk.com\/?p=232711"},"modified":"2016-06-01T16:28:16","modified_gmt":"2016-06-01T13:28:16","slug":"son-dakika-caner-erkin-resmen-aciklandi","status":"publish","type":"post","link":"https:\/\/www.nationalturk.com\/tr\/son-dakika-caner-erkin-resmen-aciklandi\/","title":{"rendered":"Son Dakika: Caner Erkin resmen a\u00e7\u0131kland\u0131"},"content":{"rendered":"<p>\u0130talya Serie A ekiplerinden Inter, milli savunma oyuncusu Caner Erkin\u2019i kadrosuna katt\u0131\u011f\u0131n\u0131 a\u00e7\u0131klad\u0131.<\/p>\n<p>Mavi-siyahl\u0131 kul\u00fcb\u00fcn internet sitesinden yap\u0131lan a\u00e7\u0131klamada, kul\u00fcb\u00fc Fenerbah\u00e7e ile s\u00f6zle\u015fmesi sona eren 27 ya\u015f\u0131ndaki sol kanat oyuncusuyla 1 Temmuz 2016 tarihinden itibaren ge\u00e7erli olmak \u00fczere 3 y\u0131ll\u0131k anla\u015fmaya var\u0131ld\u0131\u011f\u0131 belirtildi.<\/p>\n<p>Fenerbah\u00e7e ile s\u00f6zle\u015fmesi biten Caner&#8217;i, bonservis \u00f6demeksizin renklerine ba\u011flayan Inter, T\u00fcrkiye Milli Tak\u0131m\u0131 formas\u0131n\u0131 46 kez giyen oyuncunun kontrat\u0131na dair herhangi bir detay payla\u015fmad\u0131.<\/p>\n<!-- Error, Advert is not available at this time due to schedule\/geolocation restrictions! -->\n","protected":false},"excerpt":{"rendered":"<p>\u0130talya Serie A ekiplerinden Inter, milli savunma oyuncusu Caner Erkin\u2019i kadrosuna katt\u0131\u011f\u0131n\u0131 a\u00e7\u0131klad\u0131.<\/p>\n","protected":false},"author":4,"featured_media":232712,"comment_status":"open","ping_status":"open","sticky":false,"template":"","format":"standard","meta":{"_acf_changed":false,"footnotes":""},"categories":[6774,5005,349,6194],"tags":[22167,204818,201129,204819,7926,72023,6498],"class_list":["post-232711","post","type-post","status-publish","format-standard","has-post-thumbnail","hentry","category-futbol","category-manset","category-son-dakika","category-spor","tag-caner-erkin","tag-caner-erkin-inter","tag-caner-erkin-son-dakika","tag-caner-erkin-transfer","tag-inter","tag-inter-transfer","tag-milli-takim"],"acf":[],"_links":{"self":[{"href":"https:\/\/www.nationalturk.com\/tr\/wp-json\/wp\/v2\/posts\/232711","targetHints":{"allow":["GET"]}}],"collection":[{"href":"https:\/\/www.nationalturk.com\/tr\/wp-json\/wp\/v2\/posts"}],"about":[{"href":"https:\/\/www.nationalturk.com\/tr\/wp-json\/wp\/v2\/types\/post"}],"author":[{"embeddable":true,"href":"https:\/\/www.nationalturk.com\/tr\/wp-json\/wp\/v2\/users\/4"}],"replies":[{"embeddable":true,"href":"https:\/\/www.nationalturk.com\/tr\/wp-json\/wp\/v2\/comments?post=232711"}],"version-history":[{"count":0,"href":"https:\/\/www.nationalturk.com\/tr\/wp-json\/wp\/v2\/posts\/232711\/revisions"}],"wp:featuredmedia":[{"embeddable":true,"href":"https:\/\/www.nationalturk.com\/tr\/wp-json\/wp\/v2\/media\/232712"}],"wp:attachment":[{"href":"https:\/\/www.nationalturk.com\/tr\/wp-json\/wp\/v2\/media?parent=232711"}],"wp:term":[{"taxonomy":"category","embeddable":true,"href":"https:\/\/www.nationalturk.com\/tr\/wp-json\/wp\/v2\/categories?post=232711"},{"taxonomy":"post_tag","embeddable":true,"href":"https:\/\/www.nationalturk.com\/tr\/wp-json\/wp\/v2\/tags?post=232711"}],"curies":[{"name":"wp","href":"https:\/\/api.w.org\/{rel}","templated":true}]}}