{"id":233025,"date":"2016-06-07T09:32:35","date_gmt":"2016-06-07T06:32:35","guid":{"rendered":"http:\/\/www.nationalturk.com\/?p=233025"},"modified":"2016-06-07T10:09:00","modified_gmt":"2016-06-07T07:09:00","slug":"metrobus-hattinda-kaza-istanbullu-yollarda-kaldi","status":"publish","type":"post","link":"https:\/\/www.nationalturk.com\/tr\/metrobus-hattinda-kaza-istanbullu-yollarda-kaldi\/","title":{"rendered":"Metrob\u00fcs hatt\u0131nda kaza! \u0130stanbullu yollarda kald\u0131"},"content":{"rendered":"<h1>\u0130stanbul&#8217;da metrob\u00fcs hatt\u0131nda ya\u015fanan kaza trafi\u011fi fel\u00e7 etti. Bir hafriyat kamyonu K\u00fc\u00e7\u00fck\u00e7ekmece&#8217;de metrob\u00fcs yoluna girdi. Seferler durdu, vatanda\u015flar yollarda kald\u0131.<\/h1>\n<p>K\u00fc\u00e7\u00fck\u00e7ekmece D-100 karayolu Cennet Mahallesi mevkisinde bir hafriyat kamyonu metrob\u00fcs yoluna girdi.<\/p>\n<p>Al\u0131nan bilgiye g\u00f6re, kaza esnas\u0131nda metrob\u00fcste bulunan baz\u0131 vatanda\u015flar yaraland\u0131. Bunun \u00fczerine olay yerine \u00e7ok say\u0131da ambulans g\u00f6nderildi.<\/p>\n<p>Olayda yaralanan vatanda\u015flar, ilk m\u00fcdahalenin ard\u0131ndan \u00e7evredeki hastanelere sevk edildi.<\/p>\n<p>Cevizliba\u011f-Avc\u0131lar metrob\u00fcs hatt\u0131nda da bir s\u00fcre seferler yap\u0131lamazken, vatanda\u015flar\u0131n yan yollardan y\u00fcr\u00fcyerek b\u00f6lgeden uzakla\u015ft\u0131\u011f\u0131 g\u00f6r\u00fcld\u00fc.<\/p>\n<p>Kaza nedeniyle D-100 karayolundaki trafik yo\u011funlu\u011fu Haramidere Kav\u015fa\u011f\u0131&#8217;na kadar uzad\u0131.<\/p>\n<p>Olay sonras\u0131nda metrob\u00fcs ve hafriyat kamyonu kald\u0131rma \u00e7al\u0131\u015fmalar\u0131 devam ediyor.<\/p>\n<!-- Error, Advert is not available at this time due to schedule\/geolocation restrictions! -->\n","protected":false},"excerpt":{"rendered":"<p>\u0130stanbul&#8217;da metrob\u00fcs hatt\u0131nda ya\u015fanan kaza trafi\u011fi fel\u00e7 etti. Bir hafriyat kamyonu K\u00fc\u00e7\u00fck\u00e7ekmece&#8217;de metrob\u00fcs yoluna girdi. Seferler durdu, vatanda\u015flar yollarda kald\u0131.<\/p>\n","protected":false},"author":4,"featured_media":233027,"comment_status":"open","ping_status":"open","sticky":false,"template":"","format":"standard","meta":{"_acf_changed":false,"footnotes":""},"categories":[6155,5005,1,349,6805],"tags":[1011,1711,8670,68661],"class_list":["post-233025","post","type-post","status-publish","format-standard","has-post-thumbnail","hentry","category-gundem","category-manset","category-nationalturk","category-son-dakika","category-turkiye","tag-istanbul","tag-metrobus","tag-metrobus-hatti","tag-metrobus-kaza"],"acf":[],"_links":{"self":[{"href":"https:\/\/www.nationalturk.com\/tr\/wp-json\/wp\/v2\/posts\/233025","targetHints":{"allow":["GET"]}}],"collection":[{"href":"https:\/\/www.nationalturk.com\/tr\/wp-json\/wp\/v2\/posts"}],"about":[{"href":"https:\/\/www.nationalturk.com\/tr\/wp-json\/wp\/v2\/types\/post"}],"author":[{"embeddable":true,"href":"https:\/\/www.nationalturk.com\/tr\/wp-json\/wp\/v2\/users\/4"}],"replies":[{"embeddable":true,"href":"https:\/\/www.nationalturk.com\/tr\/wp-json\/wp\/v2\/comments?post=233025"}],"version-history":[{"count":0,"href":"https:\/\/www.nationalturk.com\/tr\/wp-json\/wp\/v2\/posts\/233025\/revisions"}],"wp:featuredmedia":[{"embeddable":true,"href":"https:\/\/www.nationalturk.com\/tr\/wp-json\/wp\/v2\/media\/233027"}],"wp:attachment":[{"href":"https:\/\/www.nationalturk.com\/tr\/wp-json\/wp\/v2\/media?parent=233025"}],"wp:term":[{"taxonomy":"category","embeddable":true,"href":"https:\/\/www.nationalturk.com\/tr\/wp-json\/wp\/v2\/categories?post=233025"},{"taxonomy":"post_tag","embeddable":true,"href":"https:\/\/www.nationalturk.com\/tr\/wp-json\/wp\/v2\/tags?post=233025"}],"curies":[{"name":"wp","href":"https:\/\/api.w.org\/{rel}","templated":true}]}}