{"id":233532,"date":"2016-06-16T11:56:38","date_gmt":"2016-06-16T08:56:38","guid":{"rendered":"http:\/\/www.nationalturk.com\/?p=233532"},"modified":"2016-06-16T11:56:38","modified_gmt":"2016-06-16T08:56:38","slug":"kuzey-yarimkurede-sicaklik-rekoru","status":"publish","type":"post","link":"https:\/\/www.nationalturk.com\/tr\/kuzey-yarimkurede-sicaklik-rekoru\/","title":{"rendered":"Kuzey yar\u0131mk\u00fcrede s\u0131cakl\u0131k rekoru"},"content":{"rendered":"<h1>NASA&#8217;n\u0131n son verilerine g\u00f6re, kuzey yar\u0131mk\u00fcredeki hava s\u0131cakl\u0131klar\u0131 bahar aylar\u0131nda rekor seviyeye \u00e7\u0131kt\u0131.<\/h1>\n<p>Amerikan Ulusal Havac\u0131l\u0131k ve Uzay Dairesinin (NASA) en son verilerine g\u00f6re, kuzey yar\u0131mk\u00fcredeki hava s\u0131cakl\u0131klar\u0131 bahar aylar\u0131nda rekor seviyeye \u00e7\u0131kt\u0131.<\/p>\n<p>D\u00fcnyan\u0131n yeni s\u0131cakl\u0131k rekorlar\u0131 k\u0131rd\u0131\u011f\u0131n\u0131 bildiren NASA, daha fazla buz kitlesi erirken, karbondioksitin e\u015fi g\u00f6r\u00fclmemi\u015f seviyelerde oldu\u011funu bildirdi.<\/p>\n<p>En son verilere g\u00f6re, kuzey kutbunun en b\u00fcy\u00fck buz \u00f6rt\u00fcs\u00fcyle kapl\u0131 alan\u0131 Gr\u00f6nland&#8217;daki hava s\u0131cakl\u0131\u011f\u0131 23.8 derecenin (75\u00b0F) \u00fczerine kadar \u00e7\u0131kt\u0131. Bu durum, deniz seviyesini 6 metreden fazla (20 feet) y\u00fckseltebilecek derecede buzlarla kapl\u0131 bir b\u00f6lge i\u00e7in, k\u00f6t\u00fc bir haber olarak yorumlan\u0131yor.<\/p>\n<p>Arktika ve Antarktika b\u00f6lgelerinde ayn\u0131 d\u00f6nemdeki s\u0131cakl\u0131klar\u0131n 9.4 derece (17\u00b0F ) civar\u0131nda oldu\u011fu belirtildi.<\/p>\n<p>&#8220;\u00c7ok erken bir ba\u015flang\u0131\u00e7&#8221;<br \/>\nKuzey yar\u0131mk\u00fcredeki en son y\u00fcksek hava s\u0131cakl\u0131klar\u0131, buzullar\u0131n y\u0131ll\u0131k erimesi a\u00e7\u0131s\u0131ndan &#8220;\u00e7ok erken bir ba\u015flang\u0131\u00e7&#8221; olarak yorumlan\u0131rken, D\u00fcnya \u0130klim Ara\u015ft\u0131rma Program\u0131 Direkt\u00f6r\u00fc David Carlson, s\u0131cakl\u0131k art\u0131\u015f\u0131yla ilgili yapt\u0131\u011f\u0131 a\u00e7\u0131klamada, s\u0131cakl\u0131k rekorlar\u0131n\u0131n &#8220;ola\u011fan&#8221;a d\u00f6n\u00fc\u015ft\u00fc\u011f\u00fcn\u00fc bildirdi.<\/p>\n<p>&#8220;Anormallik yeni normal&#8221; diyen Carlson, \u015funlar\u0131 kaydetti:<\/p>\n<p>&#8220;Bu y\u0131l \u015fimdiye kadarki iklim durumu bizim i\u00e7in daha fazla uyar\u0131 nedeni. S\u0131cakl\u0131klar son derece y\u00fcksek. Martta ve may\u0131staki buz erime oranlar\u0131n\u0131 normal olarak temmuzda g\u00f6rm\u00fcyoruz.&#8221;<\/p>\n<p>D\u00fcnya Meteoroloji \u00d6rg\u00fct\u00fcne g\u00f6re Pasifik Okyanusu \u00fczerinde g\u00f6r\u00fclen g\u00fc\u00e7l\u00fc El Ni\u00f1o hava olay\u0131, y\u00fcksek hava s\u0131cakl\u0131klar\u0131na neden oluyor.<\/p>\n<!-- Error, Advert is not available at this time due to schedule\/geolocation restrictions! -->\n","protected":false},"excerpt":{"rendered":"<p>NASA&#8217;n\u0131n son verilerine g\u00f6re, kuzey yar\u0131mk\u00fcredeki hava s\u0131cakl\u0131klar\u0131 bahar aylar\u0131nda rekor seviyeye \u00e7\u0131kt\u0131.<\/p>\n","protected":false},"author":4,"featured_media":233533,"comment_status":"open","ping_status":"open","sticky":false,"template":"","format":"standard","meta":{"_acf_changed":false,"footnotes":""},"categories":[6155,5005,6662],"tags":[192997,206506,546,39013],"class_list":["post-233532","post","type-post","status-publish","format-standard","has-post-thumbnail","hentry","category-gundem","category-manset","category-yasam","tag-dunya-meteoroloji-orgutu","tag-el-nino","tag-nasa","tag-pasifik"],"acf":[],"_links":{"self":[{"href":"https:\/\/www.nationalturk.com\/tr\/wp-json\/wp\/v2\/posts\/233532","targetHints":{"allow":["GET"]}}],"collection":[{"href":"https:\/\/www.nationalturk.com\/tr\/wp-json\/wp\/v2\/posts"}],"about":[{"href":"https:\/\/www.nationalturk.com\/tr\/wp-json\/wp\/v2\/types\/post"}],"author":[{"embeddable":true,"href":"https:\/\/www.nationalturk.com\/tr\/wp-json\/wp\/v2\/users\/4"}],"replies":[{"embeddable":true,"href":"https:\/\/www.nationalturk.com\/tr\/wp-json\/wp\/v2\/comments?post=233532"}],"version-history":[{"count":0,"href":"https:\/\/www.nationalturk.com\/tr\/wp-json\/wp\/v2\/posts\/233532\/revisions"}],"wp:featuredmedia":[{"embeddable":true,"href":"https:\/\/www.nationalturk.com\/tr\/wp-json\/wp\/v2\/media\/233533"}],"wp:attachment":[{"href":"https:\/\/www.nationalturk.com\/tr\/wp-json\/wp\/v2\/media?parent=233532"}],"wp:term":[{"taxonomy":"category","embeddable":true,"href":"https:\/\/www.nationalturk.com\/tr\/wp-json\/wp\/v2\/categories?post=233532"},{"taxonomy":"post_tag","embeddable":true,"href":"https:\/\/www.nationalturk.com\/tr\/wp-json\/wp\/v2\/tags?post=233532"}],"curies":[{"name":"wp","href":"https:\/\/api.w.org\/{rel}","templated":true}]}}