{"id":233628,"date":"2016-06-17T14:25:49","date_gmt":"2016-06-17T11:25:49","guid":{"rendered":"http:\/\/www.nationalturk.com\/?p=233628"},"modified":"2016-06-17T14:25:49","modified_gmt":"2016-06-17T11:25:49","slug":"milli-takimi-degistiriyor","status":"publish","type":"post","link":"https:\/\/www.nationalturk.com\/tr\/milli-takimi-degistiriyor\/","title":{"rendered":"Milli tak\u0131m\u0131 de\u011fi\u015ftiriyor"},"content":{"rendered":"<h1>Be\u015fikta\u015f&#8217;\u0131n Kosova as\u0131ll\u0131 futbolcusu Necip Uysal&#8217;\u0131n Kosova&#8217;n\u0131n yapm\u0131\u015f oldu\u011fu milli davete olumlu yan\u0131t vermeyi planlad\u0131\u011f\u0131 \u00f6\u011frenildi.<\/h1>\n<p>besiktasmedya sitesinin haberine g\u00f6re\u00a0Necip Uysal, \u201cB\u00f6yle davet geldi. \u00c7ok Mutlu oldum. Hatta \u015fa\u015f\u0131rd\u0131m, tercih etme hakk\u0131m var. Ailem ve kul\u00fcb\u00fcm ile de de\u011ferlendirme yap\u0131p resmi karar\u0131 bildirece\u011fim. Kosoval\u0131y\u0131m ve elbette oynamak isterim. E\u011fer T\u00fcrk Milli Tak\u0131m\u0131 olmuyorsa, neden Kosova olmas\u0131n. Bu durumda olan bir \u00e7ok arkada\u015f var\u201d dedi.<\/p>\n<p>Necip T\u00fcrk milli tak\u0131m\u0131na kar\u015f\u0131 oynaman\u0131n da farkl\u0131 duygular ya\u015fataca\u011f\u0131n\u0131 belirtip, \u201cFutbolun g\u00fczelli\u011fi de burada\u201d yorumunda bulundu.<\/p>\n<!-- Error, Advert is not available at this time due to schedule\/geolocation restrictions! -->\n","protected":false},"excerpt":{"rendered":"<p>Be\u015fikta\u015f&#8217;\u0131n Kosova as\u0131ll\u0131 futbolcusu Necip Uysal&#8217;\u0131n Kosova&#8217;n\u0131n yapm\u0131\u015f oldu\u011fu milli davete olumlu yan\u0131t vermeyi planlad\u0131\u011f\u0131 \u00f6\u011frenildi.<\/p>\n","protected":false},"author":4,"featured_media":233629,"comment_status":"open","ping_status":"open","sticky":false,"template":"","format":"standard","meta":{"_acf_changed":false,"footnotes":""},"categories":[6774,5005,6194],"tags":[1748,13929,162285,32451,206599],"class_list":["post-233628","post","type-post","status-publish","format-standard","has-post-thumbnail","hentry","category-futbol","category-manset","category-spor","tag-besiktas","tag-kosova","tag-kosova-milli-takimi","tag-necip-uysal","tag-necip-uysal-kosova"],"acf":[],"_links":{"self":[{"href":"https:\/\/www.nationalturk.com\/tr\/wp-json\/wp\/v2\/posts\/233628","targetHints":{"allow":["GET"]}}],"collection":[{"href":"https:\/\/www.nationalturk.com\/tr\/wp-json\/wp\/v2\/posts"}],"about":[{"href":"https:\/\/www.nationalturk.com\/tr\/wp-json\/wp\/v2\/types\/post"}],"author":[{"embeddable":true,"href":"https:\/\/www.nationalturk.com\/tr\/wp-json\/wp\/v2\/users\/4"}],"replies":[{"embeddable":true,"href":"https:\/\/www.nationalturk.com\/tr\/wp-json\/wp\/v2\/comments?post=233628"}],"version-history":[{"count":0,"href":"https:\/\/www.nationalturk.com\/tr\/wp-json\/wp\/v2\/posts\/233628\/revisions"}],"wp:featuredmedia":[{"embeddable":true,"href":"https:\/\/www.nationalturk.com\/tr\/wp-json\/wp\/v2\/media\/233629"}],"wp:attachment":[{"href":"https:\/\/www.nationalturk.com\/tr\/wp-json\/wp\/v2\/media?parent=233628"}],"wp:term":[{"taxonomy":"category","embeddable":true,"href":"https:\/\/www.nationalturk.com\/tr\/wp-json\/wp\/v2\/categories?post=233628"},{"taxonomy":"post_tag","embeddable":true,"href":"https:\/\/www.nationalturk.com\/tr\/wp-json\/wp\/v2\/tags?post=233628"}],"curies":[{"name":"wp","href":"https:\/\/api.w.org\/{rel}","templated":true}]}}