{"id":233686,"date":"2016-06-18T15:04:09","date_gmt":"2016-06-18T12:04:09","guid":{"rendered":"http:\/\/www.nationalturk.com\/?p=233686"},"modified":"2016-06-18T15:04:09","modified_gmt":"2016-06-18T12:04:09","slug":"tuncay-ozkan-cezaevinde-zehirlendi-iddiasi","status":"publish","type":"post","link":"https:\/\/www.nationalturk.com\/tr\/tuncay-ozkan-cezaevinde-zehirlendi-iddiasi\/","title":{"rendered":"&#8220;Tuncay \u00d6zkan cezaevinde zehirlendi&#8221; iddias\u0131!"},"content":{"rendered":"<h1>Silivri Cezaevi\u2019nde alt\u0131 y\u0131l s\u00fcreyle tutuklu kalan CHP \u0130zmir Milletvekili Tuncay \u00d6zkan \u2018zehirlenme\u2019 endi\u015fesiyle tedavi oldu\u011fu doktorlar\u0131 \u015fok etti.<\/h1>\n<p>S\u00f6zc\u00fc&#8217;den Ba\u015fak Kaya&#8217;n\u0131n haberine g\u00f6re Alman doktorlar, \u00d6zkan\u2019\u0131n bir kimyasal ve iki ayr\u0131 radyoaktif madde ile zehirlendi\u011fini belirledi. Radyoaktif maddelerin ancak istihbarat servislerinin ula\u015fabilece\u011fi nitelikte oldu\u011fu ve piyasadan temin edilemedi\u011fi belirtildi. \u00d6zkan, kendisine bu zehirin, kapal\u0131 ayran kutusuna \u015f\u0131r\u0131nga edilerek verildi\u011fini ve hukuki m\u00fccadele ba\u015flataca\u011f\u0131n\u0131 a\u00e7\u0131klad\u0131.<\/p>\n<p>Cezaevinde rahats\u0131zlanan \u00d6zkan, karaci\u011fer ve i\u00e7 organlar\u0131ndaki tahribat nedeniyle Almanya&#8217;da tedavi olmu\u015f ve T\u00fcrkiye&#8217;ye d\u00f6nm\u00fc\u015ft\u00fc. Kendisine uygulanan tedavi nedeniyle aylard\u0131r evinden \u00e7\u0131kamayan \u00d6zkan, hi\u00e7 kimseyle temas etmeden, maskeyle dola\u015farak ya\u015famaya devam ediyor.<\/p>\n<p>Almanya&#8217;da \u00d6zkan&#8217;\u0131n i\u00e7 organlar\u0131n\u0131n defalarca temizlendi ve \u2018zehirlendi\u011fi&#8217; de kesinle\u015fti. Alman doktorlar biri b\u00f6cek ilac\u0131 olmak \u00fczere sadece istihbarat birimlerinin ula\u015fabilece\u011fi nitelikteki iki ayr\u0131 radyoaktif madde ile zehirlendi\u011fini saptad\u0131. Zehirlenme nedeniyle karaci\u011feri ve organlar\u0131 b\u00fcy\u00fck orada zarar g\u00f6ren \u00d6zkan&#8217;\u0131n tahlil sonu\u00e7lar\u0131 ve uygulanan tedavinin sonu\u00e7lar\u0131 de\u011ferlendiriliyor. \u00d6zkan&#8217;\u0131n t\u00fcm tahlil sonu\u00e7lar\u0131 ve raporlar\u0131 zehirlendi\u011fini g\u00f6steriyor.<\/p>\n<p>\u00d6zkan S\u00d6ZC\u00dc&#8217;ye yapt\u0131\u011f\u0131 a\u00e7\u0131klamada \u015funlar\u0131 s\u00f6yledi: \u015eu an iyiyim. Giderek daha iyiye de gidiyorum&#8221; dedi ve \u015funlar\u0131 s\u00f6yledi: \u201cAlmanya&#8217;daki doktorlar tahliller sonucu iki ayr\u0131 radyoaktif madde buldu. Bir de b\u00f6cek ilac\u0131. Doktorlar zehirlerin kapal\u0131 ayran kutusuna ve so\u011fan\u0131n i\u00e7ine konarak verilmi\u015f olabilece\u011fini s\u00f6ylediler. Organlar\u0131mdaki tahribat nedeniyle tedavim s\u00fcr\u00fcyor. Hukuk\u00e7ularla g\u00f6r\u00fc\u015f\u00fcyorum. Elbette ki hukuk m\u00fccadelesi verece\u011fim. Daha sonra da raporlar\u0131m\u0131 kamuoyu ile payla\u015faca\u011f\u0131m\u201d<\/p>\n<!-- Error, Advert is not available at this time due to schedule\/geolocation restrictions! -->\n","protected":false},"excerpt":{"rendered":"<p>Silivri Cezaevi\u2019nde alt\u0131 y\u0131l s\u00fcreyle tutuklu kalan CHP \u0130zmir Milletvekili Tuncay \u00d6zkan \u2018zehirlenme\u2019 endi\u015fesiyle tedavi oldu\u011fu doktorlar\u0131 \u015fok etti.<\/p>\n","protected":false},"author":4,"featured_media":233687,"comment_status":"open","ping_status":"open","sticky":false,"template":"","format":"standard","meta":{"_acf_changed":false,"footnotes":""},"categories":[6155,5005,6202,349],"tags":[12953,10288,18638],"class_list":["post-233686","post","type-post","status-publish","format-standard","has-post-thumbnail","hentry","category-gundem","category-manset","category-politika","category-son-dakika","tag-silivri","tag-silivri-cezaevi","tag-tuncay-ozkan"],"acf":[],"_links":{"self":[{"href":"https:\/\/www.nationalturk.com\/tr\/wp-json\/wp\/v2\/posts\/233686","targetHints":{"allow":["GET"]}}],"collection":[{"href":"https:\/\/www.nationalturk.com\/tr\/wp-json\/wp\/v2\/posts"}],"about":[{"href":"https:\/\/www.nationalturk.com\/tr\/wp-json\/wp\/v2\/types\/post"}],"author":[{"embeddable":true,"href":"https:\/\/www.nationalturk.com\/tr\/wp-json\/wp\/v2\/users\/4"}],"replies":[{"embeddable":true,"href":"https:\/\/www.nationalturk.com\/tr\/wp-json\/wp\/v2\/comments?post=233686"}],"version-history":[{"count":0,"href":"https:\/\/www.nationalturk.com\/tr\/wp-json\/wp\/v2\/posts\/233686\/revisions"}],"wp:featuredmedia":[{"embeddable":true,"href":"https:\/\/www.nationalturk.com\/tr\/wp-json\/wp\/v2\/media\/233687"}],"wp:attachment":[{"href":"https:\/\/www.nationalturk.com\/tr\/wp-json\/wp\/v2\/media?parent=233686"}],"wp:term":[{"taxonomy":"category","embeddable":true,"href":"https:\/\/www.nationalturk.com\/tr\/wp-json\/wp\/v2\/categories?post=233686"},{"taxonomy":"post_tag","embeddable":true,"href":"https:\/\/www.nationalturk.com\/tr\/wp-json\/wp\/v2\/tags?post=233686"}],"curies":[{"name":"wp","href":"https:\/\/api.w.org\/{rel}","templated":true}]}}