{"id":233812,"date":"2016-06-21T11:16:22","date_gmt":"2016-06-21T08:16:22","guid":{"rendered":"http:\/\/www.nationalturk.com\/?p=233812"},"modified":"2016-06-21T11:16:22","modified_gmt":"2016-06-21T08:16:22","slug":"abdye-giderse-tutuklanabilir","status":"publish","type":"post","link":"https:\/\/www.nationalturk.com\/tr\/abdye-giderse-tutuklanabilir\/","title":{"rendered":"&#8220;ABD&#8217;ye giderse tutuklanabilir&#8221;"},"content":{"rendered":"<h1>CHP&#8217;nin ABD temsilcisi Yurter \u00d6zcan, ad\u0131 Reza Zarrab&#8217;la ba\u011flant\u0131l\u0131 olarak 17 Aral\u0131k r\u00fc\u015fvet ve yolsuzluk soru\u015fturmas\u0131nda ge\u00e7en AKP&#8217;li eski Bakan Egemen Ba\u011f\u0131\u015f&#8217;\u0131n, ABD&#8217;ye gelmesi halinde &#8216;tutuklanabilece\u011fini&#8217; s\u00f6yledi.<\/h1>\n<p>S\u00f6zc\u00fc&#8217;den Zeynep G\u00fcrcanl\u0131&#8217;n\u0131n haberine g\u00f6re Yurter \u00d6zcan, Egemen Ba\u011f\u0131\u015f ile ilgili iddias\u0131n\u0131 k\u0131sa ad\u0131 FCPA olan \u201cForeign Corrupt Practices Act\u201d (Yabanc\u0131 \u00fclkelerdeki yolsuzluklara ili\u015fkin yasa) yasas\u0131na dayand\u0131rd\u0131.<\/p>\n<p>Reza Zarrab davas\u0131n\u0131n ard\u0131ndan S\u00f6zc\u00fc\u2019ye konu\u015fan \u00d6zcan, FCPA\u2019n\u0131n ABD vatanda\u015flar\u0131n\u0131n yabanc\u0131 bir \u00fclkede bile olsa, r\u00fc\u015fvet al\u0131p vermesini \u201cfederal su\u00e7\u201d kapsam\u0131na ald\u0131\u011f\u0131na dikkat \u00e7ekerek, \u201cEgemen Ba\u011f\u0131\u015f da ABD vatanda\u015f\u0131 olmas\u0131 nedeniyle bu yasan\u0131n kapsam\u0131na giriyor. E\u011fer Reza Zarrab\u2019\u0131 yarg\u0131layan savc\u0131 Egemen Ba\u011f\u0131\u015f\u2019\u0131 da davayla ba\u011flant\u0131larsa, Ba\u011f\u0131\u015f bir daha ABD y\u00fcz\u00fc g\u00f6remez. Ya da ABD\u2019ye geldi\u011fi anda tutuklan\u0131r\u201d dedi.<\/p>\n<p>Reza Zarrab\u2019\u0131n avukat\u0131 Benjamin Brafman\u2019\u0131n, davan\u0131n d\u00fc\u015fmesi i\u00e7in yapaca\u011f\u0131 ba\u015fvuruyu da de\u011ferlendiren CHP temsilcisi, \u201cdavan\u0131n can al\u0131c\u0131 y\u00f6n\u00fc, ter\u00f6r\u00fcn finansman\u0131na ba\u011flanmas\u0131\u201d dedi. \u00d6zcan, bu tezini de \u015fu s\u00f6zlerle a\u00e7\u0131klad\u0131; \u201cReza Zarrab \u0130ran devletinin, hem lojistik olarak gemilerle ve u\u00e7aklarla, hem de para transferleriyle d\u00fcnyan\u0131n farkl\u0131 yerlerinde yapt\u0131\u011f\u0131 ve ABD tarf\u0131ndan ter\u00f6r faaliyeti kabul edilen operasyonlara yard\u0131mc\u0131 olmakla su\u00e7lan\u0131yor. Bu a\u00e7\u0131dan ben dava hakk\u0131nda yorum yaparken en ba\u015f\u0131ndan beri kefaletin kabul g\u00f6rmeyece\u011fini s\u00f6ylemi\u015ftim. Nitekim Reza Zarrab \u00e7\u0131kamad\u0131.\u201d<\/p>\n<!-- Error, Advert is not available at this time due to schedule\/geolocation restrictions! -->\n","protected":false},"excerpt":{"rendered":"<p>CHP&#8217;nin ABD temsilcisi Yurter \u00d6zcan, ad\u0131 Reza Zarrab&#8217;la ba\u011flant\u0131l\u0131 olarak 17 Aral\u0131k r\u00fc\u015fvet ve yolsuzluk soru\u015fturmas\u0131nda ge\u00e7en AKP&#8217;li eski Bakan Egemen Ba\u011f\u0131\u015f&#8217;\u0131n, ABD&#8217;ye gelmesi halinde &#8216;tutuklanabilece\u011fini&#8217; s\u00f6yledi.<\/p>\n","protected":false},"author":4,"featured_media":233813,"comment_status":"open","ping_status":"open","sticky":false,"template":"","format":"standard","meta":{"_acf_changed":false,"footnotes":""},"categories":[6155,5005,6202],"tags":[1887,8723,4334,49118],"class_list":["post-233812","post","type-post","status-publish","format-standard","has-post-thumbnail","hentry","category-gundem","category-manset","category-politika","tag-abd","tag-chp","tag-egemen-bagis","tag-reza-zarrab"],"acf":[],"_links":{"self":[{"href":"https:\/\/www.nationalturk.com\/tr\/wp-json\/wp\/v2\/posts\/233812","targetHints":{"allow":["GET"]}}],"collection":[{"href":"https:\/\/www.nationalturk.com\/tr\/wp-json\/wp\/v2\/posts"}],"about":[{"href":"https:\/\/www.nationalturk.com\/tr\/wp-json\/wp\/v2\/types\/post"}],"author":[{"embeddable":true,"href":"https:\/\/www.nationalturk.com\/tr\/wp-json\/wp\/v2\/users\/4"}],"replies":[{"embeddable":true,"href":"https:\/\/www.nationalturk.com\/tr\/wp-json\/wp\/v2\/comments?post=233812"}],"version-history":[{"count":0,"href":"https:\/\/www.nationalturk.com\/tr\/wp-json\/wp\/v2\/posts\/233812\/revisions"}],"wp:featuredmedia":[{"embeddable":true,"href":"https:\/\/www.nationalturk.com\/tr\/wp-json\/wp\/v2\/media\/233813"}],"wp:attachment":[{"href":"https:\/\/www.nationalturk.com\/tr\/wp-json\/wp\/v2\/media?parent=233812"}],"wp:term":[{"taxonomy":"category","embeddable":true,"href":"https:\/\/www.nationalturk.com\/tr\/wp-json\/wp\/v2\/categories?post=233812"},{"taxonomy":"post_tag","embeddable":true,"href":"https:\/\/www.nationalturk.com\/tr\/wp-json\/wp\/v2\/tags?post=233812"}],"curies":[{"name":"wp","href":"https:\/\/api.w.org\/{rel}","templated":true}]}}