{"id":233868,"date":"2016-06-22T12:05:14","date_gmt":"2016-06-22T09:05:14","guid":{"rendered":"http:\/\/www.nationalturk.com\/?p=233868"},"modified":"2016-06-22T12:14:46","modified_gmt":"2016-06-22T09:14:46","slug":"turkiye-ispanyol-basininda-genis-yer-tuttu","status":"publish","type":"post","link":"https:\/\/www.nationalturk.com\/tr\/turkiye-ispanyol-basininda-genis-yer-tuttu\/","title":{"rendered":"T\u00fcrkiye, \u0130spanyol bas\u0131n\u0131nda geni\u015f yer tuttu."},"content":{"rendered":"<h2>\u0130spanyol bas\u0131n, d\u00fcn ak\u015fam oynanan T\u00fcrkiye-\u00c7ek Cumhuriyeti ma\u00e7\u0131 sonras\u0131 \u00fcst tura \u00e7\u0131kma \u015fans\u0131 devam eden T\u00fcrkiye&#8217;ye geni\u015f yer verdi.<\/h2>\n<p><img loading=\"lazy\" decoding=\"async\" class=\"alignnone size-full wp-image-233870\" src=\"http:\/\/www.nationalturk.com\/tr\/wp-content\/uploads\/2016\/06\/tu\u0308rkiye-a-milli.jpg\" alt=\"tu\u0308rkiye a milli\" width=\"658\" height=\"370\" title=\"\"><\/p>\n<p>Marca gazetesi &#8220;T\u00fcrkiye, kendi Avrupa \u015eampiyonas\u0131&#8217;na ba\u015fl\u0131yor&#8221; ba\u015fl\u0131\u011f\u0131 ile yay\u0131nlad\u0131\u011f\u0131 haberde &#8220;T\u00fcrkler, \u00c7ekleri ma\u011flup ederek en iyi 3&#8217;\u00fcnc\u00fcler aras\u0131na girme f\u0131rsat\u0131 yakalad\u0131. \u0130spanya kar\u015f\u0131s\u0131nda k\u00fc\u00e7\u00fck d\u00fc\u015f\u00fcr\u00fcc\u00fc bir yenilgi alan, H\u0131rvatistan kar\u015f\u0131s\u0131nda da iyi bir futbol oynayamayan T\u00fcrkiye, \u00c7ek Cumhuriyeti&#8217;ne kar\u015f\u0131 kazanmak zorundayd\u0131 ve bunu ba\u015fard\u0131. Ge\u00e7 oldu ama T\u00fcrkler halen varlar.&#8221; yorumunda bulundu.<\/p>\n<p>\u0130spanyol gazetesi Marca, ma\u00e7\u0131n y\u0131ld\u0131z\u0131 olarak <strong>Burak Y\u0131lmaz<\/strong>&#8216;\u0131 g\u00f6sterirken futbolunu d\u00fczelterek kendine yak\u0131\u015f\u0131r bir performans sergiledi\u011fini not d\u00fc\u015ft\u00fc. Ayr\u0131ca \u0130spanyol bas\u0131n\u0131, ilk gol\u00fcn ilk asistini yapan Emre Mor&#8217;dan da bahsetti.<\/p>\n<h3>\u00d6l\u00fcm kal\u0131m ma\u00e7lar\u0131n\u0131n kazanan\u0131 her zaman T\u00fcrkiye<\/h3>\n<p>T\u00fcrkiye&#8217;nin EURO 2016&#8217;da umutlar\u0131n\u0131n devam etti\u011fini s\u00f6yleyen As gazetesi &#8220;<em><strong>T\u00fcrkiye<\/strong> gibi bu kadar \u00e7ok mucize arayan ve ola\u011fan\u00fcst\u00fc g\u00fc\u00e7lere ba\u011fl\u0131 olan ba\u015fka bir milli tak\u0131m yok. \u00d6l\u00fcm kal\u0131m ma\u00e7lar\u0131n\u0131 hep T\u00fcrkiye kazan\u0131yor ve bu kez de ayn\u0131s\u0131 oldu.<\/em>&#8221; yorumunda bulundu.<\/p>\n<p>&#8220;<em>Arda&#8217;n\u0131n T\u00fcrkiyesi hayatta kalmaya devam ediyor&#8221; ba\u015fl\u0131\u011f\u0131n\u0131 kullanan El Mundo Deportivo gazetesi, &#8220;T\u00fcrkiye, ald\u0131\u011f\u0131 onca sert ele\u015ftiriye yan\u0131t verme kapasitesini g\u00f6sterdi. T\u00fcrkiye \u015fimdilik bir \u00fcst tura \u00e7\u0131kma umudunu s\u00fcrd\u00fcr\u00fcyor<\/em>&#8221; diye yazd\u0131.<\/p>\n<p>&#8220;<em>Arda, Avrupa \u015eampiyonas\u0131&#8217;nda hayatta kal\u0131yor&#8221; ba\u015fl\u0131\u011f\u0131n\u0131 atan Sport gazetesi ise &#8220;Yeniden do\u011fan Arda Turan, \u0131sl\u0131klar\u0131 alk\u0131\u015fa d\u00f6n\u00fc\u015ft\u00fcrmeyi ba\u015fard\u0131. Futbolda neler olaca\u011f\u0131 ger\u00e7ekten belli olmuyor. Ge\u00e7en hafta \u0130spanya&#8217;ya 3-0 yenildikten sonra bir aya\u011f\u0131 Avrupa \u015eampiyonas\u0131&#8217;n\u0131n d\u0131\u015f\u0131nda olan T\u00fcrkiye, bir \u00fcst tura \u00e7\u0131kma umudunu s\u00fcrd\u00fcr\u00fcyor.<\/em>&#8221; de\u011ferlendirmesini yapt\u0131.<\/p>\n<span style=\"font-weight: bold; color: #f00;\">Error, group does not exist! Check your syntax! (ID: 116)<\/span>\n","protected":false},"excerpt":{"rendered":"<p>\u0130spanyol bas\u0131n, d\u00fcn ak\u015fam oynanan T\u00fcrkiye-\u00c7ek Cumhuriyeti ma\u00e7\u0131 sonras\u0131 \u00fcst tura \u00e7\u0131kma \u015fans\u0131 devam eden T\u00fcrkiye&#8217;ye geni\u015f yer verdi. Marca gazetesi &#8220;T\u00fcrkiye, kendi Avrupa \u015eampiyonas\u0131&#8217;na ba\u015fl\u0131yor&#8221; ba\u015fl\u0131\u011f\u0131 ile yay\u0131nlad\u0131\u011f\u0131 haberde &#8220;T\u00fcrkler, \u00c7ekleri ma\u011flup ederek en iyi 3&#8217;\u00fcnc\u00fcler aras\u0131na girme f\u0131rsat\u0131 yakalad\u0131. \u0130spanya kar\u015f\u0131s\u0131nda k\u00fc\u00e7\u00fck d\u00fc\u015f\u00fcr\u00fcc\u00fc bir yenilgi alan, H\u0131rvatistan kar\u015f\u0131s\u0131nda da iyi bir futbol oynayamayan &hellip;<\/p>\n","protected":false},"author":9192194,"featured_media":0,"comment_status":"open","ping_status":"open","sticky":false,"template":"","format":"standard","meta":{"_acf_changed":false,"footnotes":""},"categories":[6774,6194],"tags":[21948,21765,15,195938],"class_list":["post-233868","post","type-post","status-publish","format-standard","has-post-thumbnail","hentry","category-futbol","category-spor","tag-cek-cumhuriyeti","tag-euro-2016","tag-ispanya","tag-turkiye"],"acf":[],"_links":{"self":[{"href":"https:\/\/www.nationalturk.com\/tr\/wp-json\/wp\/v2\/posts\/233868","targetHints":{"allow":["GET"]}}],"collection":[{"href":"https:\/\/www.nationalturk.com\/tr\/wp-json\/wp\/v2\/posts"}],"about":[{"href":"https:\/\/www.nationalturk.com\/tr\/wp-json\/wp\/v2\/types\/post"}],"author":[{"embeddable":true,"href":"https:\/\/www.nationalturk.com\/tr\/wp-json\/wp\/v2\/users\/9192194"}],"replies":[{"embeddable":true,"href":"https:\/\/www.nationalturk.com\/tr\/wp-json\/wp\/v2\/comments?post=233868"}],"version-history":[{"count":0,"href":"https:\/\/www.nationalturk.com\/tr\/wp-json\/wp\/v2\/posts\/233868\/revisions"}],"wp:attachment":[{"href":"https:\/\/www.nationalturk.com\/tr\/wp-json\/wp\/v2\/media?parent=233868"}],"wp:term":[{"taxonomy":"category","embeddable":true,"href":"https:\/\/www.nationalturk.com\/tr\/wp-json\/wp\/v2\/categories?post=233868"},{"taxonomy":"post_tag","embeddable":true,"href":"https:\/\/www.nationalturk.com\/tr\/wp-json\/wp\/v2\/tags?post=233868"}],"curies":[{"name":"wp","href":"https:\/\/api.w.org\/{rel}","templated":true}]}}