{"id":234098,"date":"2016-06-25T12:22:33","date_gmt":"2016-06-25T09:22:33","guid":{"rendered":"http:\/\/www.nationalturk.com\/?p=234098"},"modified":"2016-06-25T12:22:33","modified_gmt":"2016-06-25T09:22:33","slug":"italya-ispanya-macini-cakir-yonetecek","status":"publish","type":"post","link":"https:\/\/www.nationalturk.com\/tr\/italya-ispanya-macini-cakir-yonetecek\/","title":{"rendered":"\u0130talya-\u0130spanya ma\u00e7\u0131n\u0131 \u00c7ak\u0131r y\u00f6netecek"},"content":{"rendered":"<h1>EURO 2016&#8217;da \u0130spanya ile \u0130talya aras\u0131nda oynanacak son 16 turu ma\u00e7\u0131n\u0131 C\u00fcneyt \u00c7ak\u0131r y\u00f6netecek.<\/h1>\n<p>Fransa&#8217;da d\u00fczenlenen 2016 Avrupa Futbol \u015eampiyonas\u0131&#8217;nda (EURO 2016) \u0130talya ile \u0130spanya aras\u0131nda oynanacak son 16 turu ma\u00e7\u0131n\u0131 hakem C\u00fcneyt \u00c7ak\u0131r y\u00f6netecek.<\/p>\n<p>UEFA&#8217;dan yap\u0131lan a\u00e7\u0131klamaya g\u00f6re, Saint-Denis kentindeki Stade de France&#8217;ta 27 Haziran Pazartesi g\u00fcn\u00fc TS\u0130 19.00&#8217;da ba\u015flayacak ma\u00e7ta d\u00fcd\u00fck \u00e7alacak \u00c7ak\u0131r&#8217;\u0131n yard\u0131mc\u0131l\u0131klar\u0131n\u0131 Bahattin Duran ve Tar\u0131k Ongun yapacak.<\/p>\n<p>\u0130ngiliz Martin Atkinson&#8217;\u0131n d\u00f6rd\u00fcnc\u00fc hakem olarak g\u00f6rev alaca\u011f\u0131 m\u00fcsabakan\u0131n ilave yard\u0131mc\u0131 hakemliklerini Bar\u0131\u015f \u015eim\u015fek ve H\u00fcseyin G\u00f6\u00e7ek \u00fcstlenecek.<\/p>\n<p>C\u00fcneyt \u00c7ak\u0131r, EURO 2016&#8217;da gruplarda Portekiz ile \u0130zlanda&#8217;n\u0131n 1-1 berabere kald\u0131\u011f\u0131 ve Bel\u00e7ika&#8217;n\u0131n, \u0130rlanda Cumhuriyeti&#8217;ni 3-0 ma\u011flup etti\u011fi ma\u00e7larda d\u00fcd\u00fck \u00e7alm\u0131\u015ft\u0131.<\/p>\n<!-- Error, Advert is not available at this time due to schedule\/geolocation restrictions! -->\n","protected":false},"excerpt":{"rendered":"<p>EURO 2016&#8217;da \u0130spanya ile \u0130talya aras\u0131nda oynanacak son 16 turu ma\u00e7\u0131n\u0131 C\u00fcneyt \u00c7ak\u0131r y\u00f6netecek.<\/p>\n","protected":false},"author":3,"featured_media":234099,"comment_status":"open","ping_status":"open","sticky":false,"template":"","format":"standard","meta":{"_acf_changed":false,"footnotes":""},"categories":[6774,5005,6194],"tags":[37114,12376,21765,17,104734],"class_list":["post-234098","post","type-post","status-publish","format-standard","has-post-thumbnail","hentry","category-futbol","category-manset","category-spor","tag-avrupa-futbol-sampiyonasi","tag-cuneyt-cakir","tag-euro-2016","tag-fransa","tag-italya-ispanya"],"acf":[],"_links":{"self":[{"href":"https:\/\/www.nationalturk.com\/tr\/wp-json\/wp\/v2\/posts\/234098","targetHints":{"allow":["GET"]}}],"collection":[{"href":"https:\/\/www.nationalturk.com\/tr\/wp-json\/wp\/v2\/posts"}],"about":[{"href":"https:\/\/www.nationalturk.com\/tr\/wp-json\/wp\/v2\/types\/post"}],"author":[{"embeddable":true,"href":"https:\/\/www.nationalturk.com\/tr\/wp-json\/wp\/v2\/users\/3"}],"replies":[{"embeddable":true,"href":"https:\/\/www.nationalturk.com\/tr\/wp-json\/wp\/v2\/comments?post=234098"}],"version-history":[{"count":0,"href":"https:\/\/www.nationalturk.com\/tr\/wp-json\/wp\/v2\/posts\/234098\/revisions"}],"wp:featuredmedia":[{"embeddable":true,"href":"https:\/\/www.nationalturk.com\/tr\/wp-json\/wp\/v2\/media\/234099"}],"wp:attachment":[{"href":"https:\/\/www.nationalturk.com\/tr\/wp-json\/wp\/v2\/media?parent=234098"}],"wp:term":[{"taxonomy":"category","embeddable":true,"href":"https:\/\/www.nationalturk.com\/tr\/wp-json\/wp\/v2\/categories?post=234098"},{"taxonomy":"post_tag","embeddable":true,"href":"https:\/\/www.nationalturk.com\/tr\/wp-json\/wp\/v2\/tags?post=234098"}],"curies":[{"name":"wp","href":"https:\/\/api.w.org\/{rel}","templated":true}]}}