{"id":234463,"date":"2016-06-30T16:52:57","date_gmt":"2016-06-30T13:52:57","guid":{"rendered":"http:\/\/www.nationalturk.com\/?p=234463"},"modified":"2016-06-30T16:52:57","modified_gmt":"2016-06-30T13:52:57","slug":"kobilere-verilecek-kredi-ve-tesviklerin-basina-erdoganin-itfaiyeci-yegeni-getirildi","status":"publish","type":"post","link":"https:\/\/www.nationalturk.com\/tr\/kobilere-verilecek-kredi-ve-tesviklerin-basina-erdoganin-itfaiyeci-yegeni-getirildi\/","title":{"rendered":"KOB\u0130&#8217;lere verilecek kredi ve te\u015fviklerin ba\u015f\u0131na Erdo\u011fan&#8217;\u0131n itfaiyeci ye\u011feni getirildi"},"content":{"rendered":"<h1>K\u00fc\u00e7\u00fck ve Orta \u00d6l\u00e7ekli \u0130\u015fletmeleri Geli\u015ftirme ve Destekleme \u0130daresi Ba\u015fkanl\u0131\u011f\u0131\u2019nda (KOSGEB) ge\u00e7en hafta \u00fcst d\u00fczey bir\u00e7ok b\u00fcrokrat g\u00f6revden al\u0131nd\u0131, yerlerine yenileri atand\u0131.<\/h1>\n<p>Cumhurba\u015fkan\u0131 Recep Tayyip Erdo\u011fan\u2019\u0131n eskiden itfaiyeci olan ye\u011feni Recep Ali Erdo\u011fan, Finansman Dairesi Ba\u015fkanl\u0131\u011f\u0131\u2019na getirildi. B\u00f6ylece KOB\u0130\u2019lere verilen kredi ve te\u015fviklerin ba\u015f\u0131na ye\u011fen getirildi.<\/p>\n<p>Ye\u011fen Erdo\u011fan, AKP iktidar\u0131nda h\u0131zla y\u00fckseldi. \u0130tfaiyeci olmas\u0131na ra\u011fmen \u00f6nce kuruma \u0130stanbul&#8217;da \u2018nitelikli eleman&#8217; olarak girdi. Daha sonra Ankara&#8217;ya geldi ve kurum i\u00e7i y\u00fckselme s\u0131nav\u0131 ile \u00f6nce uzman yard\u0131mc\u0131s\u0131 oldu. Bir s\u00fcre sonra itfaiyeci olmas\u0131na ra\u011fmen Hukuk M\u00fc\u015favirli\u011fine ge\u00e7ti. Ye\u011fen, en son atamalarla daire ba\u015fkan\u0131 oldu.<\/p>\n<p>Kosgeb Ba\u015fkan\u0131 Recep Bi\u00e7er, son atamalarla ilgili kurum i\u00e7i genelge yay\u0131nlayarak daire ba\u015fkanlar\u0131n\u0131n g\u00f6rev alanlar\u0131n\u0131 belirledi. As\u0131m T\u00fcrkmen (\u0130nsan Kaynaklar\u0131), Murat Ar\u0131kan (Teknoloji ve Yenilik Destekleri), Ahmet Merih \u00d6zy\u0131lmaz ve \u00d6mer Pak (Kobi Ara\u015ft\u0131rmalar ve Proje Koordinasyon), Ertu\u011frul \u00c7etinkaya ve Hakan Ulusu (Kosgeb M\u00fcd\u00fcrl\u00fckleri), Binali Ayd\u0131n (Strateji Geli\u015ftirme), Abdurrahman K\u00f6seo\u011flu (Bilgi Y\u00f6netimi), Necmi Uzun (AB), \u0130smail \u015eakalak (Bilgi \u0130\u015flem), \u015eent\u00fcrk \u00c7alk\u0131ns\u0131n (Destek Hizmetleri)<\/p>\n<p>Ye\u011fen Recep Ali Erdo\u011fan ise Kobi Finansman Dairesi Ba\u015fkanl\u0131\u011f\u0131&#8217;na getirildi. Kurumun i\u015fletmelere y\u00f6nelik verece\u011fi kredi, te\u015fvik ve alternatif finansal ara\u00e7lar\u0131 ye\u011fen belirleyecek.<\/p>\n<p>Kurumda son d\u00f6nemde siyasiler ve b\u00fcrokratlar\u0131n akrabalar\u0131n\u0131n \u00fcst d\u00fczey g\u00f6revlere getirilmesiyle ilgin\u00e7 bir mesleki da\u011f\u0131l\u0131m olu\u015ftu. \u00d6rne\u011fin Finans Dairesi Ba\u015fkan\u0131 olan ye\u011fen Erdo\u011fan asl\u0131nda itfaiyeci. Daire Ba\u015fkan\u0131 \u015eent\u00fcrk \u00c7alk\u0131ns\u0131n polis, m\u00fcd\u00fcr Ye\u015fim \u00c7epni fizyoterapist ve m\u00fcd\u00fcr Hasan G\u00fcner veterinerlikten gelme.<\/p>\n<!-- Error, Advert is not available at this time due to schedule\/geolocation restrictions! -->\n","protected":false},"excerpt":{"rendered":"<p>K\u00fc\u00e7\u00fck ve Orta \u00d6l\u00e7ekli \u0130\u015fletmeleri Geli\u015ftirme ve Destekleme \u0130daresi Ba\u015fkanl\u0131\u011f\u0131\u2019nda (KOSGEB) ge\u00e7en hafta \u00fcst d\u00fczey bir\u00e7ok b\u00fcrokrat g\u00f6revden al\u0131nd\u0131, yerlerine yenileri atand\u0131.<\/p>\n","protected":false},"author":4,"featured_media":234464,"comment_status":"open","ping_status":"open","sticky":false,"template":"","format":"standard","meta":{"_acf_changed":false,"footnotes":""},"categories":[6199,6155,5005,6202],"tags":[58834,181643],"class_list":["post-234463","post","type-post","status-publish","format-standard","has-post-thumbnail","hentry","category-ekonomi","category-gundem","category-manset","category-politika","tag-kobi","tag-kosgeb"],"acf":[],"_links":{"self":[{"href":"https:\/\/www.nationalturk.com\/tr\/wp-json\/wp\/v2\/posts\/234463","targetHints":{"allow":["GET"]}}],"collection":[{"href":"https:\/\/www.nationalturk.com\/tr\/wp-json\/wp\/v2\/posts"}],"about":[{"href":"https:\/\/www.nationalturk.com\/tr\/wp-json\/wp\/v2\/types\/post"}],"author":[{"embeddable":true,"href":"https:\/\/www.nationalturk.com\/tr\/wp-json\/wp\/v2\/users\/4"}],"replies":[{"embeddable":true,"href":"https:\/\/www.nationalturk.com\/tr\/wp-json\/wp\/v2\/comments?post=234463"}],"version-history":[{"count":0,"href":"https:\/\/www.nationalturk.com\/tr\/wp-json\/wp\/v2\/posts\/234463\/revisions"}],"wp:featuredmedia":[{"embeddable":true,"href":"https:\/\/www.nationalturk.com\/tr\/wp-json\/wp\/v2\/media\/234464"}],"wp:attachment":[{"href":"https:\/\/www.nationalturk.com\/tr\/wp-json\/wp\/v2\/media?parent=234463"}],"wp:term":[{"taxonomy":"category","embeddable":true,"href":"https:\/\/www.nationalturk.com\/tr\/wp-json\/wp\/v2\/categories?post=234463"},{"taxonomy":"post_tag","embeddable":true,"href":"https:\/\/www.nationalturk.com\/tr\/wp-json\/wp\/v2\/tags?post=234463"}],"curies":[{"name":"wp","href":"https:\/\/api.w.org\/{rel}","templated":true}]}}