{"id":234579,"date":"2016-07-02T14:59:38","date_gmt":"2016-07-02T11:59:38","guid":{"rendered":"http:\/\/www.nationalturk.com\/?p=234579"},"modified":"2016-07-02T14:59:38","modified_gmt":"2016-07-02T11:59:38","slug":"besiktastan-surpriz-transfer","status":"publish","type":"post","link":"https:\/\/www.nationalturk.com\/tr\/besiktastan-surpriz-transfer\/","title":{"rendered":"Be\u015fikta\u015f&#8217;tan s\u00fcrpriz transfer"},"content":{"rendered":"<h1>Be\u015fikta\u015f, Nijeryal\u0131 defans oyuncusu Kenneth Omeruo&#8217;nun kiralanmas\u0131 i\u00e7in kul\u00fcb\u00fc Chelsea ile anla\u015fmaya vard\u0131.<\/h1>\n<p>Ge\u00e7ti\u011fimiz sezon Kas\u0131mpa\u015fa&#8217;da forma giyen Kenneth Omeruo&#8217;nun transferi i\u00e7in Be\u015fikta\u015f ile Chelsea aras\u0131nda anla\u015fma sa\u011fland\u0131. H\u00fcrriyet&#8217;in haberine g\u00f6re\u00a0Be\u015fikta\u015f Kul\u00fcb\u00fc&#8217;nun scout ekibinin ba\u015f\u0131nda yer alan G\u00f6khan Keskin&#8217;in sezon i\u00e7erisinde uzun s\u00fcre izleyip olumlu rapor verdi\u011fi Omeruo&#8217;nun, teknik direkt\u00f6r \u015eenol G\u00fcne\u015f&#8217;in talebi \u00fczerine kiraland\u0131\u011f\u0131 \u00f6\u011frenildi.<\/p>\n<p>KENNETH\u00a0OMERUO K\u0130MD\u0130R?<\/p>\n<p>7 Ekim 1993&#8217;te Nijerya&#8217;da d\u00fcnyaya gelen Josiah Kenneth Omeruo, futbol kariyerine \u00fclkesinin Hard Foundation tak\u0131m\u0131nda ba\u015flad\u0131. 2011&#8217;de Bel\u00e7ika ekibi Standard&#8217;\u0131n altyap\u0131s\u0131na giren Omeruo, bir y\u0131l sonra Chelsea&#8217;ya transfer oldu. Londra kul\u00fcb\u00fc taraf\u0131ndan tecr\u00fcbe kazanmas\u0131 i\u00e7in Hollanda&#8217;n\u0131n Ado Den Haag ve \u0130ngiltere&#8217;nin Middlesbrough tak\u0131mlar\u0131na kiralanan gen\u00e7 oyuncu, ge\u00e7ti\u011fimiz sezon Kas\u0131mpa\u015fa&#8217;ya geldi. 1.85 metre boyundaki defans oyuncusu, kiral\u0131k olarak forma giydi\u011fi Kas\u0131mpa\u015fa&#8217;da 26 resmi ma\u00e7a \u00e7\u0131kt\u0131, 1 asist yapt\u0131.<\/p>\n<!-- Error, Advert is not available at this time due to schedule\/geolocation restrictions! -->\n","protected":false},"excerpt":{"rendered":"<p>Be\u015fikta\u015f, G\u00f6khan G\u00f6n\u00fcl&#8217;\u00fcn ard\u0131ndan ikinci transferini yapt\u0131&#8230;<\/p>\n","protected":false},"author":4,"featured_media":234580,"comment_status":"open","ping_status":"open","sticky":false,"template":"","format":"standard","meta":{"_acf_changed":false,"footnotes":""},"categories":[6774,5005,349,6194],"tags":[1748,7635],"class_list":["post-234579","post","type-post","status-publish","format-standard","has-post-thumbnail","hentry","category-futbol","category-manset","category-son-dakika","category-spor","tag-besiktas","tag-kasimpasa"],"acf":[],"_links":{"self":[{"href":"https:\/\/www.nationalturk.com\/tr\/wp-json\/wp\/v2\/posts\/234579","targetHints":{"allow":["GET"]}}],"collection":[{"href":"https:\/\/www.nationalturk.com\/tr\/wp-json\/wp\/v2\/posts"}],"about":[{"href":"https:\/\/www.nationalturk.com\/tr\/wp-json\/wp\/v2\/types\/post"}],"author":[{"embeddable":true,"href":"https:\/\/www.nationalturk.com\/tr\/wp-json\/wp\/v2\/users\/4"}],"replies":[{"embeddable":true,"href":"https:\/\/www.nationalturk.com\/tr\/wp-json\/wp\/v2\/comments?post=234579"}],"version-history":[{"count":0,"href":"https:\/\/www.nationalturk.com\/tr\/wp-json\/wp\/v2\/posts\/234579\/revisions"}],"wp:featuredmedia":[{"embeddable":true,"href":"https:\/\/www.nationalturk.com\/tr\/wp-json\/wp\/v2\/media\/234580"}],"wp:attachment":[{"href":"https:\/\/www.nationalturk.com\/tr\/wp-json\/wp\/v2\/media?parent=234579"}],"wp:term":[{"taxonomy":"category","embeddable":true,"href":"https:\/\/www.nationalturk.com\/tr\/wp-json\/wp\/v2\/categories?post=234579"},{"taxonomy":"post_tag","embeddable":true,"href":"https:\/\/www.nationalturk.com\/tr\/wp-json\/wp\/v2\/tags?post=234579"}],"curies":[{"name":"wp","href":"https:\/\/api.w.org\/{rel}","templated":true}]}}