{"id":234585,"date":"2016-07-02T15:37:03","date_gmt":"2016-07-02T12:37:03","guid":{"rendered":"http:\/\/www.nationalturk.com\/?p=234585"},"modified":"2016-07-02T15:37:03","modified_gmt":"2016-07-02T12:37:03","slug":"sivas-katliaminin-23-yildonumu","status":"publish","type":"post","link":"https:\/\/www.nationalturk.com\/tr\/sivas-katliaminin-23-yildonumu\/","title":{"rendered":"Sivas katliam\u0131n\u0131n 23. y\u0131ld\u00f6n\u00fcm\u00fc"},"content":{"rendered":"<h1>Sivas&#8217;ta 2 Temmuz 1993&#8217;te yap\u0131lan katliamda\u00a0ya\u015fam\u0131n\u0131 yitirenler, d\u00fczenlenen t\u00f6renle an\u0131ld\u0131.<\/h1>\n<p>Olaylarda hayat\u0131n\u0131 kaybedenlerin aileleri ve yak\u0131nlar\u0131 ile baz\u0131 milletvekilleri, sivil toplum \u00f6rg\u00fctlerinin temsilcileri ve vatanda\u015flar, Seyrantepe Mahallesi&#8217;nde topland\u0131. Grup, buradan sloganlar atarak, Mevlana Caddesi g\u00fczergah\u0131ndan eski Mad\u0131mak Oteli&#8217;nin bulundu\u011fu soka\u011f\u0131n giri\u015fine kadar y\u00fcr\u00fcd\u00fc.<\/p>\n<p>2 Temmuz&#8217;da ya\u015fam\u0131n\u0131 yitirenlerin aileleri ile milletvekilleri, anma program\u0131 tertip komitesi \u00fcyelerinin Bilim ve K\u00fclt\u00fcr Merkezi&#8217;ne d\u00f6n\u00fc\u015ft\u00fcr\u00fclen eski Mad\u0131mak Oteli&#8217;ne ge\u00e7i\u015fine izin verildi.<\/p>\n<p>Aileler ile CHP ve HDP&#8217;li baz\u0131 milletvekilleri, yan\u0131k bir saz \u00fczerine karanfil b\u0131rakt\u0131.<\/p>\n<p>Sivas olaylar\u0131nda hayat\u0131n\u0131 kaybedenlerin isimlerinin okundu\u011fu anma program\u0131nda konu\u015fan Alevi Bekta\u015fi Federasyonu Genel Ba\u015fkan\u0131 Baki D\u00fczg\u00fcn, Alevilerin kendi \u015fehitlerine sahip \u00e7\u0131kt\u0131klar\u0131n\u0131 belirterek, son d\u00f6nemde ya\u015fanan ter\u00f6r sald\u0131r\u0131lar\u0131na tepki g\u00f6sterdi.<br \/>\nHer y\u0131l daha da b\u00fcy\u00fcyerek, karanl\u0131k zihniyetlere kar\u015f\u0131 m\u00fccadelelerini s\u00fcrd\u00fcreceklerini vurgulayan D\u00fczg\u00fcn, 2 Temmuz 1993 tarihinde ya\u015fam\u0131n\u0131 yitirenleri and\u0131.<br \/>\nPir Sultan Abdal K\u00fclt\u00fcr Derne\u011fi Genel Ba\u015fkan\u0131 Gani Kaplan ise yazarlar\u0131n, \u00e7izerlerin ve semah\u00e7\u0131lar\u0131n 23 y\u0131l \u00f6nce Sivas&#8217;\u0131 bir k\u00fclt\u00fcr \u015fehri yapmak i\u00e7in kente geldiklerini vurgulayarak, &#8220;Maalesef, 23 y\u0131l \u00f6nceki Mad\u0131mad\u0131k&#8217;\u0131n duman\u0131 bug\u00fcn t\u00fcm yurdumuzu sarm\u0131\u015f durumdad\u0131r.&#8221; dedi.<\/p>\n<p>Birlik ve beraberlik mesajlar\u0131 veren Kaplan, &#8220;Kendi g\u00f6be\u011fimizi kendimiz kesmek zorunday\u0131z. Bizler bir olaca\u011f\u0131z, Kerbela&#8217;da imam H\u00fcseyin olaca\u011f\u0131z, Seyit R\u0131za olaca\u011f\u0131z, Mahir \u00c7ayan, Deniz Gezmi\u015f olaca\u011f\u0131z. Mad\u0131mak da Koray Kaya olaca\u011f\u0131z, Nesimi \u00c7imen olaca\u011f\u0131z, Hasret G\u00fcltekin olaca\u011f\u0131z. Bir olaca\u011f\u0131z, Pir Sultan olaca\u011f\u0131z. Mad\u0131mak, utan\u00e7 m\u00fczesi olana kadar Pir Sultan Abdal K\u00fclt\u00fcr Derne\u011fi olarak her 2 Temmuz&#8217;da burada olaca\u011f\u0131z. Birlik olaca\u011f\u0131z, dirlik olaca\u011f\u0131z ve hep birlikte olaca\u011f\u0131z.&#8221; ifadelerini kulland\u0131.<\/p>\n<p>&#8211; &#8220;Asla ve asla taviz vermeyiz&#8221;<\/p>\n<p>Avrupa Alevi Birlikleri Federasyonu Genel Ba\u015fkan\u0131 H\u00fcseyin Mat da Alevilerin susturulmaya \u00e7al\u0131\u015f\u0131ld\u0131\u011f\u0131n\u0131 \u00f6ne s\u00fcrd\u00fc.<\/p>\n<p>Alevi K\u00fclt\u00fcr Dernekleri Genel Ba\u015fkan\u0131 Do\u011fan Demir de 23 y\u0131l aradan sonra yine Sivas&#8217;ta olduklar\u0131n\u0131 belirterek, korkmadan, y\u0131lmadan her sene kente geleceklerini bildirdi.<\/p>\n<p>Olayda hayat\u0131n\u0131 kaybedenleri her y\u0131l anmaya devam edeceklerine i\u015faret eden Do\u011fan, &#8220;Bir ki\u015fi de olsak, 10 ki\u015fi de olsak, buraya ko\u015fa ko\u015fa gelece\u011fiz. Kimse bu yoldan asla bizi vazge\u00e7iremez. \u00c7orum&#8217;a da Hac\u0131 Bekta\u015f&#8217;a da gidece\u011fiz, her tarafa gidece\u011fiz. Biz y\u00fczy\u0131llard\u0131r her t\u00fcrl\u00fc m\u00fccadeleden ge\u00e7irilerek bu noktaya gelmi\u015f bir toplumuz, asla ve asla taviz vermeyiz.&#8221; dedi.<\/p>\n<p>KESK Genel Ba\u015fkan\u0131 Lami \u00d6zgen de Sivas&#8217;\u0131 unutmad\u0131klar\u0131n\u0131 ve unutturmayacaklar\u0131n\u0131 vurgulayarak, &#8220;E\u011fer unutursak, y\u00fcre\u011fimiz kurusun. Olay\u0131n sorumlular\u0131 adaletle y\u00fczle\u015ftirilene kadar bu m\u00fccadeleyi y\u00fcr\u00fctece\u011fiz.&#8221; de\u011ferlendirmesinde bulundu.<\/p>\n<p>&#8211; Notlar<\/p>\n<p>Anma program\u0131na, olayda hayat\u0131n\u0131 kaybedenlerin ailelerinin yan\u0131 s\u0131ra CHP&#8217;li ve HDP&#8217;li milletvekilleri, Be\u015fikta\u015f \u00c7ar\u015f\u0131 Taraftar Grubu \u00fcyeleri ve \u00e7ok say\u0131da ki\u015fi kat\u0131ld\u0131.<\/p>\n<p>Anma program\u0131 i\u00e7in kentte geni\u015f g\u00fcvenlik \u00f6nlemleri al\u0131nd\u0131. \u00c7evre iller ba\u015fta olmak \u00fczere, ba\u015fka \u015fehirlerden takviye polis ekipleri, kente geldi. Sivas ve ba\u015fka illerden 2 bin 426 polisin g\u00f6rev yapt\u0131\u011f\u0131 anma etkinlikleri s\u00fcresince polis helikopteri tedbir amac\u0131yla, kent merkezi \u00fczerinde u\u00e7u\u015f yapt\u0131.<\/p>\n<p>Eski Mad\u0131mak Oteli&#8217;nin bulundu\u011fu sokak ile y\u00fcr\u00fcy\u00fc\u015f\u00fcn yap\u0131ld\u0131\u011f\u0131 g\u00fczergah, ara\u00e7 trafi\u011fine kapat\u0131ld\u0131.<\/p>\n<p>G\u00fczergahtaki \u00e7\u00f6p konteynerleri ve park halindeki ara\u00e7lar g\u00fcvenlik amac\u0131yla kald\u0131r\u0131ld\u0131.<\/p>\n<p>Bilim ve K\u00fclt\u00fcr Merkezi&#8217;nde ve y\u00fcr\u00fcy\u00fc\u015f g\u00fczergah\u0131ndaki baz\u0131 noktalarda dedekt\u00f6rler ve k\u00f6peklerle arama yap\u0131ld\u0131.<\/p>\n<p>Anma program\u0131nda bir grup semah d\u00f6nd\u00fc, Alevi dedeleri ise dua etti.<\/p>\n<p>CHP Beyo\u011flu Gen\u00e7lik Kollar\u0131 \u00fcyesi bir grup eski Mad\u0131mak Oteli&#8217;ndeki polis barikat\u0131 \u00f6n\u00fcnde sayg\u0131 duru\u015funda bulundu.<\/p>\n<p>Olaylarda hayat\u0131n\u0131 kaybedenlerin aileleri, Mad\u0131mak Oteli&#8217;nin &#8220;Utan\u00e7 m\u00fczesine&#8221; d\u00f6n\u00fc\u015ft\u00fcr\u00fclmedi\u011fi gerek\u00e7esiyle an\u0131 k\u00f6\u015fesine karanfil b\u0131rakmad\u0131.<\/p>\n<!-- Error, Advert is not available at this time due to schedule\/geolocation restrictions! -->\n","protected":false},"excerpt":{"rendered":"<p>Sivas&#8217;ta 2 Temmuz 1993&#8217;te yap\u0131lan katliamda ya\u015fam\u0131n\u0131 yitirenler, d\u00fczenlenen t\u00f6renle an\u0131ld\u0131.<\/p>\n","protected":false},"author":4,"featured_media":234586,"comment_status":"open","ping_status":"open","sticky":false,"template":"","format":"standard","meta":{"_acf_changed":false,"footnotes":""},"categories":[6155,5005,6805],"tags":[987,33884,29288,33882],"class_list":["post-234585","post","type-post","status-publish","format-standard","has-post-thumbnail","hentry","category-gundem","category-manset","category-turkiye","tag-sivas","tag-sivas-1993","tag-sivas-katliami","tag-sivas-olaylari"],"acf":[],"_links":{"self":[{"href":"https:\/\/www.nationalturk.com\/tr\/wp-json\/wp\/v2\/posts\/234585","targetHints":{"allow":["GET"]}}],"collection":[{"href":"https:\/\/www.nationalturk.com\/tr\/wp-json\/wp\/v2\/posts"}],"about":[{"href":"https:\/\/www.nationalturk.com\/tr\/wp-json\/wp\/v2\/types\/post"}],"author":[{"embeddable":true,"href":"https:\/\/www.nationalturk.com\/tr\/wp-json\/wp\/v2\/users\/4"}],"replies":[{"embeddable":true,"href":"https:\/\/www.nationalturk.com\/tr\/wp-json\/wp\/v2\/comments?post=234585"}],"version-history":[{"count":0,"href":"https:\/\/www.nationalturk.com\/tr\/wp-json\/wp\/v2\/posts\/234585\/revisions"}],"wp:featuredmedia":[{"embeddable":true,"href":"https:\/\/www.nationalturk.com\/tr\/wp-json\/wp\/v2\/media\/234586"}],"wp:attachment":[{"href":"https:\/\/www.nationalturk.com\/tr\/wp-json\/wp\/v2\/media?parent=234585"}],"wp:term":[{"taxonomy":"category","embeddable":true,"href":"https:\/\/www.nationalturk.com\/tr\/wp-json\/wp\/v2\/categories?post=234585"},{"taxonomy":"post_tag","embeddable":true,"href":"https:\/\/www.nationalturk.com\/tr\/wp-json\/wp\/v2\/tags?post=234585"}],"curies":[{"name":"wp","href":"https:\/\/api.w.org\/{rel}","templated":true}]}}