{"id":234954,"date":"2016-07-12T15:25:02","date_gmt":"2016-07-12T12:25:02","guid":{"rendered":"http:\/\/www.nationalturk.com\/?p=234954"},"modified":"2016-07-12T15:25:02","modified_gmt":"2016-07-12T12:25:02","slug":"kocasi-vize-alamayinca","status":"publish","type":"post","link":"https:\/\/www.nationalturk.com\/tr\/kocasi-vize-alamayinca\/","title":{"rendered":"Kocas\u0131 vize alamay\u0131nca..!"},"content":{"rendered":"<h1>Kocas\u0131 vize alamay\u0131nca Yunanistan\u2019da e\u015fi olmadan\u00a0balay\u0131 yapan Pakistanl\u0131 kad\u0131n d\u00fcnyada g\u00fcndem oldu.<\/h1>\n<p>Pakistan\u2019\u0131n Lahor \u015fehrinde ya\u015fayan Huma Mobin, yeni evlendi\u011fi Arsalaan Sever Bhatt ve e\u015finin ailesiyle birlikte Haziran ay\u0131nda ikinci balay\u0131 i\u00e7in Yunanistan\u2019a gitmeyi planl\u0131yordu. Ancak \u015fanss\u0131z \u00e7ift vize engeline tak\u0131ld\u0131. Bhatt\u2019a Yunanistan i\u00e7in vize \u00e7\u0131kmay\u0131nca, gen\u00e7 kad\u0131n 10 g\u00fcnl\u00fck Yunanistan balay\u0131 tatiline e\u015finin ailesiyle gitmek durumunda kald\u0131.<\/p>\n<p>Ba\u015fta e\u015fini tek ba\u015f\u0131na b\u0131rakmak istemeyen Mobin, \u00f6nceden \u00f6demesini yapt\u0131klar\u0131 tatil organizasyonunun iptal edilemeyece\u011fini \u00f6\u011frenince, kocas\u0131n\u0131 Pakistan\u2019daki evlerinde b\u0131rakarak balay\u0131 tatiline \u00e7\u0131kmaya karar verdi.<\/p>\n<p>Pakistanl\u0131 kad\u0131n Yunanistan\u2019da gezdi\u011fi yerleri g\u00f6stermek ve kocas\u0131n\u0131 ne kadar \u00f6zledi\u011fini anlatmak i\u00e7in Snapchat\u2019ten hayli ilgin\u00e7 foto\u011fraflar payla\u015ft\u0131.<\/p>\n<!-- Error, Advert is not available at this time due to schedule\/geolocation restrictions! -->\n","protected":false},"excerpt":{"rendered":"<p>Kocas\u0131 vize alamay\u0131nca Yunanistan\u2019da e\u015fi olmadan balay\u0131 yapan Pakistanl\u0131 kad\u0131n d\u00fcnyada g\u00fcndem oldu.<\/p>\n","protected":false},"author":4,"featured_media":234956,"comment_status":"open","ping_status":"open","sticky":false,"template":"","format":"standard","meta":{"_acf_changed":false,"footnotes":""},"categories":[6770,6665,6155,5005,6671],"tags":[2547,36337,1202,2561,62829,62831],"class_list":["post-234954","post","type-post","status-publish","format-standard","has-post-thumbnail","hentry","category-avrupa","category-dunya","category-gundem","category-manset","category-seyahat","tag-pakistan","tag-vize","tag-yunanistan","tag-yunanistan-tatili","tag-yunanistan-vize","tag-yunanistan-vizesi"],"acf":[],"_links":{"self":[{"href":"https:\/\/www.nationalturk.com\/tr\/wp-json\/wp\/v2\/posts\/234954","targetHints":{"allow":["GET"]}}],"collection":[{"href":"https:\/\/www.nationalturk.com\/tr\/wp-json\/wp\/v2\/posts"}],"about":[{"href":"https:\/\/www.nationalturk.com\/tr\/wp-json\/wp\/v2\/types\/post"}],"author":[{"embeddable":true,"href":"https:\/\/www.nationalturk.com\/tr\/wp-json\/wp\/v2\/users\/4"}],"replies":[{"embeddable":true,"href":"https:\/\/www.nationalturk.com\/tr\/wp-json\/wp\/v2\/comments?post=234954"}],"version-history":[{"count":0,"href":"https:\/\/www.nationalturk.com\/tr\/wp-json\/wp\/v2\/posts\/234954\/revisions"}],"wp:featuredmedia":[{"embeddable":true,"href":"https:\/\/www.nationalturk.com\/tr\/wp-json\/wp\/v2\/media\/234956"}],"wp:attachment":[{"href":"https:\/\/www.nationalturk.com\/tr\/wp-json\/wp\/v2\/media?parent=234954"}],"wp:term":[{"taxonomy":"category","embeddable":true,"href":"https:\/\/www.nationalturk.com\/tr\/wp-json\/wp\/v2\/categories?post=234954"},{"taxonomy":"post_tag","embeddable":true,"href":"https:\/\/www.nationalturk.com\/tr\/wp-json\/wp\/v2\/tags?post=234954"}],"curies":[{"name":"wp","href":"https:\/\/api.w.org\/{rel}","templated":true}]}}