{"id":235058,"date":"2016-07-13T17:15:29","date_gmt":"2016-07-13T14:15:29","guid":{"rendered":"http:\/\/www.nationalturk.com\/?p=235058"},"modified":"2016-07-13T17:15:29","modified_gmt":"2016-07-13T14:15:29","slug":"guney-cin-denizinde-yeni-cikmaz","status":"publish","type":"post","link":"https:\/\/www.nationalturk.com\/tr\/guney-cin-denizinde-yeni-cikmaz\/","title":{"rendered":"G\u00fcney \u00c7in Denizi&#8217;nde yeni \u00e7\u0131kmaz"},"content":{"rendered":"<h1>Bir BM mahkemesi, \u00c7in&#8217;in G\u00fcney \u00c7in Denizi&#8217;ndeki egemenlik iddialar\u0131n\u0131 uluslararas\u0131 hukuka ayk\u0131r\u0131 buldu. Ancak ihtilaf\u0131n \u00e7\u00f6z\u00fclmesi i\u00e7in ABD ve \u00c7in&#8217;in kom\u015fular\u0131n\u0131n tutumu belirleyici olacak.<\/h1>\n<p>\u00c7in ile Pasifik \u00fclkeleri aras\u0131nda devam eden G\u00fcney \u00c7in Denizi ihtilaf\u0131, BM&#8217;nin ald\u0131\u011f\u0131 bir kararla birlikte yeni bir a\u015famaya girdi.<\/p>\n<p>BM&#8217;ye ba\u011fl\u0131 bir mahkeme, \u00c7in Halk Cumhuriyeti&#8217;nin (\u00c7HC) G\u00fcney \u00c7in Denizi&#8217;ndeki egemenlik iddialar\u0131n\u0131 ve bu egemenli\u011fi uygulamak i\u00e7in ald\u0131\u011f\u0131 &#8220;sald\u0131rgan \u00f6nlemler&#8221; uluslararas\u0131 hukuka ayk\u0131r\u0131 buldu.<\/p>\n<p>Ancak mahkemenin karar\u0131nda \u00c7HC&#8217;ye y\u00f6nelik bir yapt\u0131r\u0131m bulunmuyor. \u00c7in de, mahkemenin karar\u0131n\u0131 reddetti.<\/p>\n<p>Hakem Mahkemesi, \u00c7in&#8217;in egemenlik iddias\u0131n\u0131 hi\u00e7bir yasal temeli olmad\u0131\u011f\u0131na h\u00fckmederken, Filipinler k\u0131y\u0131lar\u0131ndaki Spratly tak\u0131madalar\u0131nda bulunan 7 yapay adaya yapt\u0131\u011f\u0131 askeri y\u0131\u011f\u0131na\u011f\u0131 da mahkum etti.<\/p>\n<p>Mahkeme, \u00c7HC&#8217;nin Filipinler&#8217;in egemenli\u011fine de ayk\u0131r\u0131 davrand\u0131\u011f\u0131na h\u00fckmetti. \u00c7in ise iddialar\u0131 &#8220;komedi&#8221; olarak nitelendirerek reddetti.<\/p>\n<p>Ancak G\u00fcne \u00c7in Denizi ihtilaf\u0131 yaln\u0131zca \u00c7in ile Filipinler aras\u0131nda de\u011fil. Vietnam, Endonezya, Malezya ve Brunei de b\u00f6lgede hak iddia ediyor.<\/p>\n<p>\u00d6te yandan \u00c7in, Filipinlerin yeni halk\u00e7\u0131 ba\u015fkan\u0131 Rodrigo Duterte ile daha yak\u0131n ili\u015fkiler geli\u015ftirmek istiyor.<\/p>\n<p>B\u00f6lgeye ABD de askeri y\u0131\u011f\u0131nak yap\u0131yor.<\/p>\n<!-- Error, Advert is not available at this time due to schedule\/geolocation restrictions! -->\n","protected":false},"excerpt":{"rendered":"<p>Bir BM mahkemesi, \u00c7in&#8217;in G\u00fcney \u00c7in Denizi&#8217;ndeki egemenlik iddialar\u0131n\u0131 uluslararas\u0131 hukuka ayk\u0131r\u0131 buldu. Ancak ihtilaf\u0131n \u00e7\u00f6z\u00fclmesi i\u00e7in ABD ve \u00c7in&#8217;in kom\u015fular\u0131n\u0131n tutumu belirleyici olacak.<\/p>\n","protected":false},"author":4,"featured_media":235059,"comment_status":"open","ping_status":"open","sticky":false,"template":"","format":"standard","meta":{"_acf_changed":false,"footnotes":""},"categories":[6769,6665,6155,5005],"tags":[1887,23764,711,148915,4312,191912],"class_list":["post-235058","post","type-post","status-publish","format-standard","has-post-thumbnail","hentry","category-asya","category-dunya","category-gundem","category-manset","tag-abd","tag-birlesmis-milletler","tag-cin","tag-cin-denizi","tag-filipinler","tag-guney-cin-denizi"],"acf":[],"_links":{"self":[{"href":"https:\/\/www.nationalturk.com\/tr\/wp-json\/wp\/v2\/posts\/235058","targetHints":{"allow":["GET"]}}],"collection":[{"href":"https:\/\/www.nationalturk.com\/tr\/wp-json\/wp\/v2\/posts"}],"about":[{"href":"https:\/\/www.nationalturk.com\/tr\/wp-json\/wp\/v2\/types\/post"}],"author":[{"embeddable":true,"href":"https:\/\/www.nationalturk.com\/tr\/wp-json\/wp\/v2\/users\/4"}],"replies":[{"embeddable":true,"href":"https:\/\/www.nationalturk.com\/tr\/wp-json\/wp\/v2\/comments?post=235058"}],"version-history":[{"count":0,"href":"https:\/\/www.nationalturk.com\/tr\/wp-json\/wp\/v2\/posts\/235058\/revisions"}],"wp:featuredmedia":[{"embeddable":true,"href":"https:\/\/www.nationalturk.com\/tr\/wp-json\/wp\/v2\/media\/235059"}],"wp:attachment":[{"href":"https:\/\/www.nationalturk.com\/tr\/wp-json\/wp\/v2\/media?parent=235058"}],"wp:term":[{"taxonomy":"category","embeddable":true,"href":"https:\/\/www.nationalturk.com\/tr\/wp-json\/wp\/v2\/categories?post=235058"},{"taxonomy":"post_tag","embeddable":true,"href":"https:\/\/www.nationalturk.com\/tr\/wp-json\/wp\/v2\/tags?post=235058"}],"curies":[{"name":"wp","href":"https:\/\/api.w.org\/{rel}","templated":true}]}}