{"id":235098,"date":"2016-07-14T11:05:53","date_gmt":"2016-07-14T08:05:53","guid":{"rendered":"http:\/\/www.nationalturk.com\/?p=235098"},"modified":"2016-07-14T11:05:53","modified_gmt":"2016-07-14T08:05:53","slug":"arda-turanin-menajerinden-aciklama","status":"publish","type":"post","link":"https:\/\/www.nationalturk.com\/tr\/arda-turanin-menajerinden-aciklama\/","title":{"rendered":"Arda Turan&#8217;\u0131n menajerinden a\u00e7\u0131klama"},"content":{"rendered":"<h1>Arda Turan&#8217;\u0131n menajeri Ahmet Bulut\u00a0transfer haberleriyle ilgili olarak \u0130ngiliz bas\u0131n\u0131na yapt\u0131\u011f\u0131 a\u00e7\u0131klamada milli futbolcunun Barcelona&#8217;da kalaca\u011f\u0131n\u0131 s\u00f6yledi.<\/h1>\n<p>Ahmet Bulut, Ada bas\u0131n\u0131ndan Guardian&#8217;a k\u0131sa bir a\u00e7\u0131klama yaparak Arda&#8217;n\u0131n Barcelona&#8217;da mutlu oldu\u011funu ve tak\u0131mda kalaca\u011f\u0131n\u0131 kaydetti. Ahmet Bulut a\u00e7\u0131klamas\u0131nda, &#8220;Arda&#8217;ya bir ilginin olmas\u0131 normal Barcelona&#8217;dan ayr\u0131laca\u011f\u0131na y\u00f6nelik \u00e7\u0131kan dedikodular do\u011fru de\u011fil, kul\u00fcb\u00fcnde mutlu&#8230;&#8221; ifadelerini kulland\u0131.<\/p>\n<p>Ge\u00e7ti\u011fimiz sezon ba\u015f\u0131nda 41 milyon Euro&#8217;ya Barcelona&#8217;ya transfer olan 29 ya\u015f\u0131ndaki futbolcu i\u00e7in Chelsea, Arsenal, Borussia Dortmund gibi b\u00fcy\u00fck tak\u0131mlar\u0131n devreye girdi\u011fi; Katalan ekibinin 25 milyon Euro&#8217;luk bonservis bedeli kar\u015f\u0131l\u0131\u011f\u0131nda bu transfere izin verece\u011fi iddia ediliyordu. Ahmet Bulut da a\u00e7\u0131klamalar\u0131yla di\u011fer tak\u0131mlara kap\u0131lar\u0131 kapatm\u0131\u015f oldu.<\/p>\n<p>Barcelona&#8217;n\u0131n transfer yasa\u011f\u0131 nedeniyle 6 ay futboldan uzak kalan Arda Turan, ligin ikinci devresinde Bar\u00e7a&#8217;n\u0131n formas\u0131n\u0131 toplamda 25 kez giyerken 2 gol at\u0131p 4 de asist yapm\u0131\u015ft\u0131.<\/p>\n<!-- Error, Advert is not available at this time due to schedule\/geolocation restrictions! -->\n","protected":false},"excerpt":{"rendered":"<p>Arda Turan&#8217;\u0131n menajeri Ahmet Bulut transfer haberleriyle ilgili olarak \u0130ngiliz bas\u0131n\u0131na yapt\u0131\u011f\u0131 a\u00e7\u0131klamada milli futbolcunun Barcelona&#8217;da kalaca\u011f\u0131n\u0131 s\u00f6yledi.<\/p>\n","protected":false},"author":4,"featured_media":235099,"comment_status":"open","ping_status":"open","sticky":false,"template":"","format":"standard","meta":{"_acf_changed":false,"footnotes":""},"categories":[6774,5005,6194],"tags":[53946,156089,6335,81175,13182,1038],"class_list":["post-235098","post","type-post","status-publish","format-standard","has-post-thumbnail","hentry","category-futbol","category-manset","category-spor","tag-ahmet-bulut","tag-ahmet-bulut-arda-turan","tag-arda-turan","tag-arda-turan-barcelona","tag-arda-turan-transfer","tag-barcelona"],"acf":[],"_links":{"self":[{"href":"https:\/\/www.nationalturk.com\/tr\/wp-json\/wp\/v2\/posts\/235098","targetHints":{"allow":["GET"]}}],"collection":[{"href":"https:\/\/www.nationalturk.com\/tr\/wp-json\/wp\/v2\/posts"}],"about":[{"href":"https:\/\/www.nationalturk.com\/tr\/wp-json\/wp\/v2\/types\/post"}],"author":[{"embeddable":true,"href":"https:\/\/www.nationalturk.com\/tr\/wp-json\/wp\/v2\/users\/4"}],"replies":[{"embeddable":true,"href":"https:\/\/www.nationalturk.com\/tr\/wp-json\/wp\/v2\/comments?post=235098"}],"version-history":[{"count":0,"href":"https:\/\/www.nationalturk.com\/tr\/wp-json\/wp\/v2\/posts\/235098\/revisions"}],"wp:featuredmedia":[{"embeddable":true,"href":"https:\/\/www.nationalturk.com\/tr\/wp-json\/wp\/v2\/media\/235099"}],"wp:attachment":[{"href":"https:\/\/www.nationalturk.com\/tr\/wp-json\/wp\/v2\/media?parent=235098"}],"wp:term":[{"taxonomy":"category","embeddable":true,"href":"https:\/\/www.nationalturk.com\/tr\/wp-json\/wp\/v2\/categories?post=235098"},{"taxonomy":"post_tag","embeddable":true,"href":"https:\/\/www.nationalturk.com\/tr\/wp-json\/wp\/v2\/tags?post=235098"}],"curies":[{"name":"wp","href":"https:\/\/api.w.org\/{rel}","templated":true}]}}