{"id":235199,"date":"2016-07-15T10:46:17","date_gmt":"2016-07-15T07:46:17","guid":{"rendered":"http:\/\/www.nationalturk.com\/?p=235199"},"modified":"2016-07-15T10:46:17","modified_gmt":"2016-07-15T07:46:17","slug":"son-dakika-erdogandan-fransa-aciklamasi","status":"publish","type":"post","link":"https:\/\/www.nationalturk.com\/tr\/son-dakika-erdogandan-fransa-aciklamasi\/","title":{"rendered":"Son Dakika: Erdo\u011fan&#8217;dan Fransa a\u00e7\u0131klamas\u0131"},"content":{"rendered":"<h1>Cumhurba\u015fkan\u0131 Recep Tayyip Erdo\u011fan, Fransa&#8217;n\u0131n Nice kentindeki ter\u00f6r sald\u0131r\u0131s\u0131yla ilgili a\u00e7\u0131klamalarda bulundu. \/ Son Dakika&#8230;<\/h1>\n<p>Erdo\u011fan&#8217;\u0131n a\u00e7\u0131klamalar\u0131 \u015f\u00f6yle;<\/p>\n<p>&#8220;Pek \u00e7ok ter\u00f6r sald\u0131r\u0131s\u0131na maruz kalm\u0131\u015f bir \u00fclke olarak, Fransa\u2019y\u0131 ve Frans\u0131z halk\u0131n\u0131n duygular\u0131n\u0131 gayet iyi anl\u0131yoruz. Ter\u00f6r sald\u0131r\u0131s\u0131 oldu\u011fu de\u011ferlendirilen bu barbarca eylem, ter\u00f6rizme kar\u015f\u0131 kararl\u0131 ve tutarl\u0131 bir m\u00fccadele verilmesi zaruretini bir kez daha ortaya koymu\u015ftur.<\/p>\n<p>Ter\u00f6r kar\u015f\u0131s\u0131nda ikircikli tutum sergileyen herkesin, Fransa\u2019y\u0131 hedef alan bu son sald\u0131r\u0131dan gerekli dersleri \u00e7\u0131karmalar\u0131n\u0131 bekliyoruz. Ter\u00f6r \u00f6rg\u00fctleri i\u00e7in T\u00fcrkiye ile Fransa\u2019n\u0131n, Irak ile Bel\u00e7ika\u2019n\u0131n, Suudi Arabistan ile Amerika\u2019n\u0131n bir fark\u0131n\u0131n\u00a0olmad\u0131\u011f\u0131n\u0131 art\u0131k hep birlikte g\u00f6rmeliyiz.<\/p>\n<p>Ter\u00f6r\u00fcn dini, \u0131rk\u0131 ve milliyeti yoktur. Bu hunharca eylemi ger\u00e7ekle\u015ftirenlerin de insanl\u0131kla bir ilgisi yoktur. Bu barbarlar\u0131n esas itibariyle bu d\u00fcnyada bir yeri de yoktur ve olmamal\u0131d\u0131r.&#8221;<\/p>\n<!-- Error, Advert is not available at this time due to schedule\/geolocation restrictions! -->\n","protected":false},"excerpt":{"rendered":"<p>Cumhurba\u015fkan\u0131 Recep Tayyip Erdo\u011fan, Fransa&#8217;n\u0131n Nice kentindeki ter\u00f6r sald\u0131r\u0131s\u0131yla ilgili a\u00e7\u0131klamalarda bulundu. \/ Son Dakika&#8230;<\/p>\n","protected":false},"author":4,"featured_media":235203,"comment_status":"open","ping_status":"open","sticky":false,"template":"","format":"standard","meta":{"_acf_changed":false,"footnotes":""},"categories":[6155,5005,6202,349],"tags":[91089,17,36324,36325,27382],"class_list":["post-235199","post","type-post","status-publish","format-standard","has-post-thumbnail","hentry","category-gundem","category-manset","category-politika","category-son-dakika","tag-erdogan-fransa","tag-fransa","tag-fransa-nice","tag-nice","tag-son-dakika"],"acf":[],"_links":{"self":[{"href":"https:\/\/www.nationalturk.com\/tr\/wp-json\/wp\/v2\/posts\/235199","targetHints":{"allow":["GET"]}}],"collection":[{"href":"https:\/\/www.nationalturk.com\/tr\/wp-json\/wp\/v2\/posts"}],"about":[{"href":"https:\/\/www.nationalturk.com\/tr\/wp-json\/wp\/v2\/types\/post"}],"author":[{"embeddable":true,"href":"https:\/\/www.nationalturk.com\/tr\/wp-json\/wp\/v2\/users\/4"}],"replies":[{"embeddable":true,"href":"https:\/\/www.nationalturk.com\/tr\/wp-json\/wp\/v2\/comments?post=235199"}],"version-history":[{"count":0,"href":"https:\/\/www.nationalturk.com\/tr\/wp-json\/wp\/v2\/posts\/235199\/revisions"}],"wp:featuredmedia":[{"embeddable":true,"href":"https:\/\/www.nationalturk.com\/tr\/wp-json\/wp\/v2\/media\/235203"}],"wp:attachment":[{"href":"https:\/\/www.nationalturk.com\/tr\/wp-json\/wp\/v2\/media?parent=235199"}],"wp:term":[{"taxonomy":"category","embeddable":true,"href":"https:\/\/www.nationalturk.com\/tr\/wp-json\/wp\/v2\/categories?post=235199"},{"taxonomy":"post_tag","embeddable":true,"href":"https:\/\/www.nationalturk.com\/tr\/wp-json\/wp\/v2\/tags?post=235199"}],"curies":[{"name":"wp","href":"https:\/\/api.w.org\/{rel}","templated":true}]}}