{"id":235213,"date":"2016-07-15T11:19:10","date_gmt":"2016-07-15T08:19:10","guid":{"rendered":"http:\/\/www.nationalturk.com\/?p=235213"},"modified":"2016-07-15T11:19:10","modified_gmt":"2016-07-15T08:19:10","slug":"son-dakika-besiktasta-istifa","status":"publish","type":"post","link":"https:\/\/www.nationalturk.com\/tr\/son-dakika-besiktasta-istifa\/","title":{"rendered":"Son Dakika! Be\u015fikta\u015f&#8217;ta istifa"},"content":{"rendered":"<h1>Be\u015fikta\u015f&#8217;ta D\u0131\u015f \u0130li\u015fkiler Sorumlusu Erdal Toruno\u011fullar\u0131, g\u00f6revinden istifa etti. \/ Son Dakika&#8230;<\/h1>\n<p>Bir s\u00fcredir yeni g\u00f6rev de\u011fi\u015fikli\u011fi y\u00fcz\u00fcnden hayli s\u0131k\u0131nt\u0131l\u0131 g\u00fcnler ge\u00e7iren Be\u015fikta\u015f Y\u00f6neticisi Erdal Toruno\u011fullar\u0131 bir a\u00e7\u0131klama yaparak hem g\u00f6revinden, hem de y\u00f6netimden istifa etti\u011fini a\u00e7\u0131klad\u0131.<\/p>\n<p>Toruno\u011fullar\u0131&#8217;n\u0131n a\u00e7\u0131klamas\u0131 \u015f\u00f6yle:<\/p>\n<p>&#8220;De\u011ferli Be\u015fikta\u015f Camias\u0131;<br \/>\nbir s\u00fcre \u00f6nce medya arac\u0131l\u0131\u011f\u0131 ile yapt\u0131\u011f\u0131m a\u00e7\u0131klamada, Be\u015fikta\u015f Y\u00f6netimi i\u00e7erisindeki durumu bildirmi\u015ftim. Bug\u00fcne kadar daima Be\u015fikta\u015f Kul\u00fcb\u00fc&#8217;n\u00fcn menfaatleri i\u00e7in \u00e7al\u0131\u015ft\u0131m. Bu a\u00e7\u0131klamay\u0131 yapmadan \u00f6nce iste\u011fim y\u00f6netimde olup biteni kul\u00fcp i\u00e7inde tart\u0131\u015f\u0131p bir karara ba\u011flamakt\u0131. Fakat say\u0131n Ba\u015fkan&#8217;\u0131n yapt\u0131\u011f\u0131 son a\u00e7\u0131klama beni derinden \u00fczm\u00fc\u015f ve hayal k\u0131r\u0131kl\u0131\u011f\u0131na u\u011fratm\u0131\u015ft\u0131r. Tekrar s\u00f6ylemeliyim ki, bug\u00fcne kadar Be\u015fikta\u015f menfaatleri ne emrediyorsa onlar\u0131 yapt\u0131m ve bunlar\u0131 yaparken de hi\u00e7 bir zaman kendimi \u00f6n planda tutmad\u0131m. Zaten sahip oldu\u011fum terbiye buna m\u00fcsaade etmezdi.<\/p>\n<!-- Error, Advert is not available at this time due to schedule\/geolocation restrictions! -->\n","protected":false},"excerpt":{"rendered":"<p>Be\u015fikta\u015f&#8217;ta D\u0131\u015f \u0130li\u015fkiler Sorumlusu Erdal Toruno\u011fullar\u0131, g\u00f6revinden istifa etti. \/ Son Dakika&#8230;<\/p>\n","protected":false},"author":4,"featured_media":235214,"comment_status":"open","ping_status":"open","sticky":false,"template":"","format":"standard","meta":{"_acf_changed":false,"footnotes":""},"categories":[6774,5005,349,6194],"tags":[1748,28721,183259,37131],"class_list":["post-235213","post","type-post","status-publish","format-standard","has-post-thumbnail","hentry","category-futbol","category-manset","category-son-dakika","category-spor","tag-besiktas","tag-besiktas-son-dakika","tag-erdal-torunogullari","tag-fikret-orman"],"acf":[],"_links":{"self":[{"href":"https:\/\/www.nationalturk.com\/tr\/wp-json\/wp\/v2\/posts\/235213","targetHints":{"allow":["GET"]}}],"collection":[{"href":"https:\/\/www.nationalturk.com\/tr\/wp-json\/wp\/v2\/posts"}],"about":[{"href":"https:\/\/www.nationalturk.com\/tr\/wp-json\/wp\/v2\/types\/post"}],"author":[{"embeddable":true,"href":"https:\/\/www.nationalturk.com\/tr\/wp-json\/wp\/v2\/users\/4"}],"replies":[{"embeddable":true,"href":"https:\/\/www.nationalturk.com\/tr\/wp-json\/wp\/v2\/comments?post=235213"}],"version-history":[{"count":0,"href":"https:\/\/www.nationalturk.com\/tr\/wp-json\/wp\/v2\/posts\/235213\/revisions"}],"wp:featuredmedia":[{"embeddable":true,"href":"https:\/\/www.nationalturk.com\/tr\/wp-json\/wp\/v2\/media\/235214"}],"wp:attachment":[{"href":"https:\/\/www.nationalturk.com\/tr\/wp-json\/wp\/v2\/media?parent=235213"}],"wp:term":[{"taxonomy":"category","embeddable":true,"href":"https:\/\/www.nationalturk.com\/tr\/wp-json\/wp\/v2\/categories?post=235213"},{"taxonomy":"post_tag","embeddable":true,"href":"https:\/\/www.nationalturk.com\/tr\/wp-json\/wp\/v2\/tags?post=235213"}],"curies":[{"name":"wp","href":"https:\/\/api.w.org\/{rel}","templated":true}]}}