{"id":235267,"date":"2016-07-16T02:12:00","date_gmt":"2016-07-15T23:12:00","guid":{"rendered":"http:\/\/www.nationalturk.com\/?p=235267"},"modified":"2024-09-10T11:54:30","modified_gmt":"2024-09-10T08:54:30","slug":"feto-saldirisinda-golbasi-ozel-harekat-daire-baskanligina-yapilan-saldirida-17-polis-sehit-oldu","status":"publish","type":"post","link":"https:\/\/www.nationalturk.com\/tr\/feto-saldirisinda-golbasi-ozel-harekat-daire-baskanligina-yapilan-saldirida-17-polis-sehit-oldu\/","title":{"rendered":"FET\u00d6 sald\u0131r\u0131s\u0131nda G\u00f6lba\u015f\u0131 \u00d6zel Harekat Daire Ba\u015fkanl\u0131\u011f\u0131na yap\u0131lan sald\u0131r\u0131da 17 polis \u015fehit oldu"},"content":{"rendered":"<h1>G\u00fcvenilir kaynaklardan edinilen bilgiye g\u00f6re, darbe giri\u015fiminde bulunan b\u00f6l\u00fcc\u00fc ter\u00f6r \u00f6rg\u00fct\u00fc FET\u00d6 mensuplar\u0131n\u0131n havadan sald\u0131r\u0131s\u0131 sonucu G\u00f6lba\u015f\u0131 \u00d6zel Harekat Daire Ba\u015fkanl\u0131\u011f\u0131na yap\u0131lan sald\u0131r\u0131 sonucu 17 polis \u015fehit oldu.<\/h1>\n","protected":false},"excerpt":{"rendered":"<p>G\u00fcvenilir kaynaklardan edinilen bilgiye g\u00f6re, darbe giri\u015fiminde bulunan b\u00f6l\u00fcc\u00fc ter\u00f6r \u00f6rg\u00fct\u00fc FET\u00d6 mensuplar\u0131n\u0131n havadan sald\u0131r\u0131s\u0131 sonucu G\u00f6lba\u015f\u0131 \u00d6zel Harekat Daire Ba\u015fkanl\u0131\u011f\u0131na yap\u0131lan sald\u0131r\u0131 sonucu 17 polis \u015fehit oldu.<\/p>\n","protected":false},"author":9192194,"featured_media":234276,"comment_status":"open","ping_status":"open","sticky":false,"template":"","format":"standard","meta":{"_acf_changed":false,"footnotes":""},"categories":[6155,5005,6202,349,6805],"tags":[31650,32771],"class_list":["post-235267","post","type-post","status-publish","format-standard","has-post-thumbnail","hentry","category-gundem","category-manset","category-politika","category-son-dakika","category-turkiye","tag-sehit","tag-sehit-cenazesi"],"acf":[],"_links":{"self":[{"href":"https:\/\/www.nationalturk.com\/tr\/wp-json\/wp\/v2\/posts\/235267","targetHints":{"allow":["GET"]}}],"collection":[{"href":"https:\/\/www.nationalturk.com\/tr\/wp-json\/wp\/v2\/posts"}],"about":[{"href":"https:\/\/www.nationalturk.com\/tr\/wp-json\/wp\/v2\/types\/post"}],"author":[{"embeddable":true,"href":"https:\/\/www.nationalturk.com\/tr\/wp-json\/wp\/v2\/users\/9192194"}],"replies":[{"embeddable":true,"href":"https:\/\/www.nationalturk.com\/tr\/wp-json\/wp\/v2\/comments?post=235267"}],"version-history":[{"count":0,"href":"https:\/\/www.nationalturk.com\/tr\/wp-json\/wp\/v2\/posts\/235267\/revisions"}],"wp:featuredmedia":[{"embeddable":true,"href":"https:\/\/www.nationalturk.com\/tr\/wp-json\/wp\/v2\/media\/234276"}],"wp:attachment":[{"href":"https:\/\/www.nationalturk.com\/tr\/wp-json\/wp\/v2\/media?parent=235267"}],"wp:term":[{"taxonomy":"category","embeddable":true,"href":"https:\/\/www.nationalturk.com\/tr\/wp-json\/wp\/v2\/categories?post=235267"},{"taxonomy":"post_tag","embeddable":true,"href":"https:\/\/www.nationalturk.com\/tr\/wp-json\/wp\/v2\/tags?post=235267"}],"curies":[{"name":"wp","href":"https:\/\/api.w.org\/{rel}","templated":true}]}}