{"id":235269,"date":"2016-07-16T12:09:01","date_gmt":"2016-07-16T09:09:01","guid":{"rendered":"http:\/\/www.nationalturk.com\/?p=235269"},"modified":"2016-07-16T12:09:01","modified_gmt":"2016-07-16T09:09:01","slug":"din-adamlarindan-ortak-bildiri","status":"publish","type":"post","link":"https:\/\/www.nationalturk.com\/tr\/din-adamlarindan-ortak-bildiri\/","title":{"rendered":"Din adamlar\u0131ndan ortak bildiri"},"content":{"rendered":"<h1>Aralar\u0131nda Diyanet \u0130\u015fleri Ba\u015fkan\u0131 G\u00f6rmez, \u0130stanbul Rum Patri\u011fi Bartholomeos ile T\u00fcrk Musevi Cemaati Hahamba\u015f\u0131 \u0130zak Haleva&#8217;n\u0131n da bulundu\u011fu din adamlar\u0131 ortak bildiri yay\u0131nlad\u0131.<\/h1>\n<p>Aralar\u0131nda Diyanet \u0130\u015fleri Ba\u015fkan\u0131 G\u00f6rmez, \u0130stanbul Rum Patri\u011fi Bartholomeos ile T\u00fcrk Musevi Cemaati Hahamba\u015f\u0131 \u0130zak Haleva&#8217;n\u0131n da bulundu\u011fu din adamlar\u0131n\u0131n yay\u0131nlad\u0131klar\u0131 ortak bildiride, &#8220;Kimden ve nereden gelirse gelsin, ter\u00f6r ve \u015fiddet asla me\u015fru g\u00f6sterilemez ve savunulamaz. Bir insan \u00f6ld\u00fcrmek, b\u00fct\u00fcn insanl\u0131\u011f\u0131 \u00f6ld\u00fcrmek gibidir ve inananlarca asla tasvip edilemez.&#8221; denildi.<\/p>\n<p>Diyanet \u0130\u015fleri Ba\u015fkan\u0131 G\u00f6rmez, \u0130stanbul Rum Patri\u011fi Bartholomeos, T\u00fcrk Musevi Cemaati Hahamba\u015f\u0131s\u0131 Haleva, T\u00fcrkiye Ermenileri Patrik Vekili Aram Ate\u015fyan, \u0130stanbul, Ankara ve \u0130zmir S\u00fcryani Kadim Cemaati Ruhani Lideri ve Patrik Vekili Yusuf \u00c7etin ve T\u00fcrkiye S\u00fcryani Katolik Patri\u011fi Vekili Yusuf Sa\u011f, FET\u00d6&#8217;n\u00fcn darbe giri\u015fimine ili\u015fkin ortak bildiri yay\u0131mlad\u0131.<\/p>\n<p>&#8220;Allah ad\u0131yla&#8221; ba\u015flayan a\u00e7\u0131klamada, &#8220;Bizler Musevi, Hristiyan ve M\u00fcsl\u00fcman vatanda\u015flar\u0131m\u0131z\u0131n dini temsilcileri olarak ve cemaatlerimizle birlikte g\u00fczel \u00fclkemizin ve d\u00fcnyam\u0131z\u0131n huzurunu bozan ve \u00e7ok say\u0131da vatanda\u015f\u0131m\u0131z\u0131n sevdiklerini ellerinden alarak dayan\u0131lmas\u0131 g\u00fc\u00e7 ac\u0131lara sebep olan ter\u00f6r olaylar\u0131ndan dolay\u0131 derin \u00fcz\u00fcnt\u00fc duymaktay\u0131z.&#8221; ifadeleri yer ald\u0131.<\/p>\n<p>\u0130lahi dinlerin ortak temellerinden birinin, ilahi sevgi oldu\u011fu vurgulanan a\u00e7\u0131klamada, \u015funlar kaydedildi:<\/p>\n<p>&#8220;\u0130nsan sevgisi, canl\u0131 ve \u00e7evre sevgisi de bu ilahi sevginin ayr\u0131lmaz bir par\u00e7as\u0131d\u0131r. Kimden ve nereden gelirse gelsin, ter\u00f6r ve \u015fiddet asla me\u015fru g\u00f6sterilemez ve savunulamaz. Bir insan \u00f6ld\u00fcrmek, b\u00fct\u00fcn insanl\u0131\u011f\u0131 \u00f6ld\u00fcrmek gibidir ve inananlarca asla tasvip edilemez. Bu sebeple bizler ter\u00f6r ve \u015fiddetin kesinlikle \u00f6nlenmesi, \u00fclkemizde b\u00fct\u00fcn d\u00fcnyada sevginin, adaletin hakim olmas\u0131 i\u00e7in elimizden geleni yapmaya haz\u0131r oldu\u011fumuzu sayg\u0131de\u011fer kamuoyuna a\u00e7\u0131klar\u0131z. \u0130\u00e7ten iste\u011fimiz ve dualar\u0131m\u0131z, ter\u00f6r\u00fcn art\u0131k \u00fclkemizden ve d\u00fcnyam\u0131zdan tamamen silinmesi y\u00f6n\u00fcndedir. Allah \u00fclkemizi ve b\u00fct\u00fcn insanl\u0131\u011f\u0131 korusun.&#8221;<\/p>\n<!-- Error, Advert is not available at this time due to schedule\/geolocation restrictions! -->\n","protected":false},"excerpt":{"rendered":"<p>Aralar\u0131nda Diyanet \u0130\u015fleri Ba\u015fkan\u0131 G\u00f6rmez, \u0130stanbul Rum Patri\u011fi Bartholomeos ile T\u00fcrk Musevi Cemaati Hahamba\u015f\u0131 \u0130zak Haleva&#8217;n\u0131n da bulundu\u011fu din adamlar\u0131 ortak bildiri yay\u0131nlad\u0131.<\/p>\n","protected":false},"author":3,"featured_media":235270,"comment_status":"open","ping_status":"open","sticky":false,"template":"","format":"standard","meta":{"_acf_changed":false,"footnotes":""},"categories":[5005,349,6805],"tags":[207507,57542,14377,202856,207506,27382],"class_list":["post-235269","post","type-post","status-publish","format-standard","has-post-thumbnail","hentry","category-manset","category-son-dakika","category-turkiye","tag-asker-darbe","tag-askeri-darbe","tag-darbe","tag-feto","tag-feto-darbe","tag-son-dakika"],"acf":[],"_links":{"self":[{"href":"https:\/\/www.nationalturk.com\/tr\/wp-json\/wp\/v2\/posts\/235269","targetHints":{"allow":["GET"]}}],"collection":[{"href":"https:\/\/www.nationalturk.com\/tr\/wp-json\/wp\/v2\/posts"}],"about":[{"href":"https:\/\/www.nationalturk.com\/tr\/wp-json\/wp\/v2\/types\/post"}],"author":[{"embeddable":true,"href":"https:\/\/www.nationalturk.com\/tr\/wp-json\/wp\/v2\/users\/3"}],"replies":[{"embeddable":true,"href":"https:\/\/www.nationalturk.com\/tr\/wp-json\/wp\/v2\/comments?post=235269"}],"version-history":[{"count":0,"href":"https:\/\/www.nationalturk.com\/tr\/wp-json\/wp\/v2\/posts\/235269\/revisions"}],"wp:featuredmedia":[{"embeddable":true,"href":"https:\/\/www.nationalturk.com\/tr\/wp-json\/wp\/v2\/media\/235270"}],"wp:attachment":[{"href":"https:\/\/www.nationalturk.com\/tr\/wp-json\/wp\/v2\/media?parent=235269"}],"wp:term":[{"taxonomy":"category","embeddable":true,"href":"https:\/\/www.nationalturk.com\/tr\/wp-json\/wp\/v2\/categories?post=235269"},{"taxonomy":"post_tag","embeddable":true,"href":"https:\/\/www.nationalturk.com\/tr\/wp-json\/wp\/v2\/tags?post=235269"}],"curies":[{"name":"wp","href":"https:\/\/api.w.org\/{rel}","templated":true}]}}