{"id":235292,"date":"2016-07-16T17:51:50","date_gmt":"2016-07-16T14:51:50","guid":{"rendered":"http:\/\/www.nationalturk.com\/?p=235292"},"modified":"2016-07-16T17:53:53","modified_gmt":"2016-07-16T14:53:53","slug":"tbmm-toplandi-hulusi-akar-da-mecliste","status":"publish","type":"post","link":"https:\/\/www.nationalturk.com\/tr\/tbmm-toplandi-hulusi-akar-da-mecliste\/","title":{"rendered":"TBMM topland\u0131, Hulusi Akar da mecliste"},"content":{"rendered":"<h1>TBMM Genel Kurulu, Meclis Ba\u015fkan\u0131 \u0130smail Kahraman ba\u015fkanl\u0131\u011f\u0131nda ola\u011fan\u00fcst\u00fc topland\u0131.<\/h1>\n<p>AK Parti Genel Ba\u015fkan\u0131 ve Ba\u015fbakan Binali Y\u0131ld\u0131r\u0131m, CHP Genel Ba\u015fkan\u0131 Kemal K\u0131l\u0131\u00e7daro\u011flu ve MHP Genel Ba\u015fkan\u0131 Devlet Bah\u00e7eli, ola\u011fan\u00fcst\u00fc toplanan TBMM Genel Kurulu&#8217;na geldi.<\/p>\n<p>Ola\u011fan\u00fcst\u00fc toplanan Genel Kurul&#8217;da; dinleyici olarak kat\u0131lanlar aras\u0131nda Anayasa Mahkemesi Ba\u015fkan\u0131 Z\u00fcht\u00fc Arslan, Yarg\u0131tay Ba\u015fkan\u0131 \u0130smail Hakk\u0131 Ciit, Dan\u0131\u015ftay Ba\u015fkan\u0131 Zerrin G\u00fcng\u00f6r, Dan\u0131\u015ftay Ba\u015fsavc\u0131s\u0131 Halil Y\u0131lmaz, Askeri yarg\u0131 mensuplar\u0131, Y\u00d6K Ba\u015fkanvekili Prof. Dr. Sefa Kap\u0131c\u0131o\u011flu, baz\u0131 \u00fcniversitelerin rekt\u00f6rleri ile TOBB, Memur-Sen ve TESK ba\u015fkanlar\u0131, yabanc\u0131 misyon \u015fefleri de bulunuyor.<\/p>\n<p>Genelkurmay Ba\u015fkan\u0131 Orgeneral Hulusi Akar da TBMM Genel Kurulu&#8217;nu izlemek \u00fczere Meclise geldi.<\/p>\n<!-- Error, Advert is not available at this time due to schedule\/geolocation restrictions! -->\n","protected":false},"excerpt":{"rendered":"<p>Genelkurmay Ba\u015fkan\u0131 Orgeneral Hulusi Akar da TBMM Genel Kurulu&#8217;nu izlemek \u00fczere Meclise geldi.<\/p>\n","protected":false},"author":4,"featured_media":235296,"comment_status":"open","ping_status":"open","sticky":false,"template":"","format":"standard","meta":{"_acf_changed":false,"footnotes":""},"categories":[6155,5005,6202,349],"tags":[1079,8469,47765,5115,6871,108179,112581],"class_list":["post-235292","post","type-post","status-publish","format-standard","has-post-thumbnail","hentry","category-gundem","category-manset","category-politika","category-son-dakika","tag-binali-yildirim","tag-devlet-bahceli","tag-hulusi-akar","tag-kemal-kilicdaroglu","tag-tbmm","tag-tbmm-olaganustu-toplanti","tag-tbmm-toplandi"],"acf":[],"_links":{"self":[{"href":"https:\/\/www.nationalturk.com\/tr\/wp-json\/wp\/v2\/posts\/235292","targetHints":{"allow":["GET"]}}],"collection":[{"href":"https:\/\/www.nationalturk.com\/tr\/wp-json\/wp\/v2\/posts"}],"about":[{"href":"https:\/\/www.nationalturk.com\/tr\/wp-json\/wp\/v2\/types\/post"}],"author":[{"embeddable":true,"href":"https:\/\/www.nationalturk.com\/tr\/wp-json\/wp\/v2\/users\/4"}],"replies":[{"embeddable":true,"href":"https:\/\/www.nationalturk.com\/tr\/wp-json\/wp\/v2\/comments?post=235292"}],"version-history":[{"count":0,"href":"https:\/\/www.nationalturk.com\/tr\/wp-json\/wp\/v2\/posts\/235292\/revisions"}],"wp:featuredmedia":[{"embeddable":true,"href":"https:\/\/www.nationalturk.com\/tr\/wp-json\/wp\/v2\/media\/235296"}],"wp:attachment":[{"href":"https:\/\/www.nationalturk.com\/tr\/wp-json\/wp\/v2\/media?parent=235292"}],"wp:term":[{"taxonomy":"category","embeddable":true,"href":"https:\/\/www.nationalturk.com\/tr\/wp-json\/wp\/v2\/categories?post=235292"},{"taxonomy":"post_tag","embeddable":true,"href":"https:\/\/www.nationalturk.com\/tr\/wp-json\/wp\/v2\/tags?post=235292"}],"curies":[{"name":"wp","href":"https:\/\/api.w.org\/{rel}","templated":true}]}}