{"id":236329,"date":"2016-07-29T14:41:39","date_gmt":"2016-07-29T11:41:39","guid":{"rendered":"http:\/\/www.nationalturk.com\/?p=236329"},"modified":"2016-07-29T14:41:39","modified_gmt":"2016-07-29T11:41:39","slug":"gozaltina-alinanlar-arasinda-dekanlar-da-var","status":"publish","type":"post","link":"https:\/\/www.nationalturk.com\/tr\/gozaltina-alinanlar-arasinda-dekanlar-da-var\/","title":{"rendered":"G\u00f6zalt\u0131na al\u0131nanlar aras\u0131nda dekanlar da var"},"content":{"rendered":"<h1>Fetullah\u00e7\u0131 Ter\u00f6r \u00d6rg\u00fct\u00fc&#8217;n\u00fcn (FET\u00d6) darbe giri\u015fimine ili\u015fkin soru\u015fturma kapsam\u0131nda Akdeniz \u00dcniversitesi&#8217;nde bir s\u00fcre \u00f6nce istifa eden baz\u0131 dekanlar\u0131n da g\u00f6zalt\u0131nda bulundu\u011fu bildirildi.<\/h1>\n<p>Antalya Emniyet M\u00fcd\u00fcrl\u00fc\u011f\u00fc Ter\u00f6rle M\u00fccadele \u015eubesi ekiplerince sabah saatlerinde Akdeniz \u00dcniversitesi lojmanlar\u0131na, baz\u0131 fak\u00fcltelere ve Akdeniz \u00dcniversitesi Hastanesine operasyon d\u00fczenlendi. \u00dcniversite yerle\u015fkesindeki lojmanlar ve akademisyenlere ait odalarda aramalar yap\u0131ld\u0131.<\/p>\n<p>Operasyon sonucunda aralar\u0131nda akademisyen ve idari personelelerin de bulundu\u011fu 150 ki\u015finin g\u00f6zalt\u0131na al\u0131nd\u0131\u011f\u0131 bildirildi.<\/p>\n<p>G\u00f6zalt\u0131na al\u0131nanlar aras\u0131nda bir s\u00fcre \u00f6nce istifa eden baz\u0131 dekanlar\u0131n da bulundu\u011fu belirtildi.<\/p>\n<p>&#8211; &#8220;Emniyet birimleri, Y\u00d6K ve rekt\u00f6rl\u00fck, titiz \u00e7al\u0131\u015fma y\u00fcr\u00fct\u00fcyor&#8221;<\/p>\n<p>Akdeniz \u00dcniversitesi Vekil Rekt\u00f6r\u00fc Prof. Dr. Mustafa \u00dcnal, gazetecilere yapt\u0131\u011f\u0131 a\u00e7\u0131klamada, FET\u00d6\/PDY kapsam\u0131nda sabah saatlerinde baz\u0131 g\u00f6zalt\u0131lar\u0131n oldu\u011funu s\u00f6yledi.<\/p>\n<p>\u00dcnal, bir s\u00fcre \u00f6nce istifa ettikleri i\u00e7in \u015fuan g\u00f6revde dekan bulunmad\u0131\u011f\u0131n\u0131 an\u0131msatarak, istifa eden dekanlar aras\u0131nda g\u00f6zalt\u0131na al\u0131nanlar\u0131n oldu\u011funu ifade etti.<\/p>\n<p>G\u00f6reve geldi\u011fi g\u00fcnden bu yana T\u00fcrkiye&#8217;nin birli\u011fine ve b\u00fct\u00fcnl\u00fc\u011f\u00fcne kast eden FET\u00d6 ile kararl\u0131 bir \u015fekilde m\u00fccadele ettiklerini anlatan \u00dcnal, \u015funlar\u0131 kaydetti:<\/p>\n<p>&#8220;Emniyet birimleri, Y\u00d6K ve rekt\u00f6rl\u00fc\u011f\u00fcm\u00fcz i\u015fbirli\u011fiyle y\u00fcr\u00fct\u00fclen titiz \u00e7al\u0131\u015fmalar sonucunda FET\u00d6 ile ba\u011flant\u0131l\u0131 olduklar\u0131 konusunda ciddi \u015f\u00fcpheler bulunan ki\u015filer hakk\u0131nda gerekli i\u015flemler ivedilikle yap\u0131l\u0131yor. \u00dcniversite i\u00e7erisinde bu yap\u0131 ile ba\u011flant\u0131s\u0131 olan tek bir ki\u015fi kalmayana dek m\u00fccadelemiz kararl\u0131l\u0131kla devam edecektir.&#8221;<\/p>\n<p>Halk\u0131n iradesine, Cumhurba\u015fkan\u0131 Recep Tayyip Erdo\u011fan&#8217;a ve h\u00fck\u00fcmete vatan ve demokrasi savunmas\u0131nda sonuna kadar destek verdiklerini vurgulayan \u00dcnal, &#8220;Devletin bekas\u0131, milletin huzuru ve demokrasinin devam\u0131 \u00e7in vatansever T\u00fcrk halk\u0131 her zaman oldu\u011fu gibi yine tek v\u00fccut olarak \u00fclkemizin her kurumuna sirayet eden bu hain ter\u00f6r \u00f6rg\u00fct\u00fcnden en k\u0131sa zamanda kurtulacakt\u0131r.&#8221; diye konu\u015ftu.<\/p>\n<!-- Error, Advert is not available at this time due to schedule\/geolocation restrictions! -->\n","protected":false},"excerpt":{"rendered":"<p>Fetullah\u00e7\u0131 Ter\u00f6r \u00d6rg\u00fct\u00fc&#8217;n\u00fcn (FET\u00d6) darbe giri\u015fimine ili\u015fkin soru\u015fturma kapsam\u0131nda Akdeniz \u00dcniversitesi&#8217;nde bir s\u00fcre \u00f6nce istifa eden baz\u0131 dekanlar\u0131n da g\u00f6zalt\u0131nda bulundu\u011fu bildirildi. Antalya Emniyet M\u00fcd\u00fcrl\u00fc\u011f\u00fc Ter\u00f6rle M\u00fccadele \u015eubesi ekiplerince sabah saatlerinde Akdeniz \u00dcniversitesi lojmanlar\u0131na, baz\u0131 fak\u00fcltelere ve Akdeniz \u00dcniversitesi Hastanesine operasyon d\u00fczenlendi. \u00dcniversite yerle\u015fkesindeki lojmanlar ve akademisyenlere ait odalarda aramalar yap\u0131ld\u0131. Operasyon sonucunda aralar\u0131nda akademisyen &hellip;<\/p>\n","protected":false},"author":4,"featured_media":236330,"comment_status":"open","ping_status":"open","sticky":false,"template":"","format":"standard","meta":{"_acf_changed":false,"footnotes":""},"categories":[6663,6155,5005,349],"tags":[2754,208057,208056,730,202856,208058],"class_list":["post-236329","post","type-post","status-publish","format-standard","has-post-thumbnail","hentry","category-egitim","category-gundem","category-manset","category-son-dakika","tag-akdeniz-universitesi","tag-akdeniz-universitesi-feto","tag-akdeniz-universitesi-operasyon","tag-antalya","tag-feto","tag-feto-operasyon"],"acf":[],"_links":{"self":[{"href":"https:\/\/www.nationalturk.com\/tr\/wp-json\/wp\/v2\/posts\/236329","targetHints":{"allow":["GET"]}}],"collection":[{"href":"https:\/\/www.nationalturk.com\/tr\/wp-json\/wp\/v2\/posts"}],"about":[{"href":"https:\/\/www.nationalturk.com\/tr\/wp-json\/wp\/v2\/types\/post"}],"author":[{"embeddable":true,"href":"https:\/\/www.nationalturk.com\/tr\/wp-json\/wp\/v2\/users\/4"}],"replies":[{"embeddable":true,"href":"https:\/\/www.nationalturk.com\/tr\/wp-json\/wp\/v2\/comments?post=236329"}],"version-history":[{"count":0,"href":"https:\/\/www.nationalturk.com\/tr\/wp-json\/wp\/v2\/posts\/236329\/revisions"}],"wp:featuredmedia":[{"embeddable":true,"href":"https:\/\/www.nationalturk.com\/tr\/wp-json\/wp\/v2\/media\/236330"}],"wp:attachment":[{"href":"https:\/\/www.nationalturk.com\/tr\/wp-json\/wp\/v2\/media?parent=236329"}],"wp:term":[{"taxonomy":"category","embeddable":true,"href":"https:\/\/www.nationalturk.com\/tr\/wp-json\/wp\/v2\/categories?post=236329"},{"taxonomy":"post_tag","embeddable":true,"href":"https:\/\/www.nationalturk.com\/tr\/wp-json\/wp\/v2\/tags?post=236329"}],"curies":[{"name":"wp","href":"https:\/\/api.w.org\/{rel}","templated":true}]}}