{"id":236433,"date":"2016-08-01T09:35:35","date_gmt":"2016-08-01T06:35:35","guid":{"rendered":"http:\/\/www.nationalturk.com\/?p=236433"},"modified":"2016-08-01T09:35:35","modified_gmt":"2016-08-01T06:35:35","slug":"vizesiz-avrupa-seyahati-hakkinda-kritik-aciklama","status":"publish","type":"post","link":"https:\/\/www.nationalturk.com\/tr\/vizesiz-avrupa-seyahati-hakkinda-kritik-aciklama\/","title":{"rendered":"Vizesiz Avrupa seyahati hakk\u0131nda kritik a\u00e7\u0131klama"},"content":{"rendered":"<h1>D\u0131\u015fi\u015fleri Bakan\u0131 \u00c7avu\u015fo\u011flu, T\u00fcrk vatanda\u015flar\u0131n\u0131n AB \u00fclkelerine vizesiz seyahat edebilmelerini sa\u011flayacak d\u00fczenleme i\u00e7in Ekim ay\u0131na kadar s\u00fcre verdi.<\/h1>\n<p>D\u0131\u015fi\u015fleri Bakan\u0131 Mevl\u00fct \u00c7avu\u015fo\u011flu, T\u00fcrk vatanda\u015flar\u0131n\u0131n AB \u00fcyesi \u00fclkelere vizesiz seyahati hakk\u0131nda \u00f6nemli a\u00e7\u0131klamalarda bulundu. \u00c7avu\u015fo\u011flu, T.C. vatanda\u015flar\u0131na vizesiz Avrupa seyahatinin kap\u0131s\u0131n\u0131 a\u00e7an d\u00fczenleme hakk\u0131nda Alman Frankfurter Allgemeine Zeitung (FAZ) gazetesine konu\u015ftu.<\/p>\n<p>T\u00fcrk h\u00fck\u00fcmetinin vize serbestisi i\u00e7in kesin tarih beklendi\u011fini s\u00f6yleyen \u00c7avu\u015fo\u011flu, \u201cBu Ekim ay\u0131 ba\u015f\u0131 ya da ortas\u0131 olabilir, fakat biz kesin bir tarih bekliyoruz\u201d dedi.<\/p>\n<h2>Geri ad\u0131m atar\u0131z<\/h2>\n<p>\u00c7avu\u015fo\u011flu, ayr\u0131ca AB ile s\u0131\u011f\u0131nmac\u0131lar konusunda 18 Mart tarihinde imzalanan anla\u015fma gere\u011fi vize serbestisi uygulamas\u0131n\u0131n hayata ge\u00e7memesi halinde \u201cgeri kabul anla\u015fmas\u0131 ve 18 Mart mutabakat\u0131ndan geri ad\u0131m atmak zorunda kalaca\u011f\u0131z\u201d ifadelerini kulland\u0131.<\/p>\n<!-- Error, Advert is not available at this time due to schedule\/geolocation restrictions! -->\n","protected":false},"excerpt":{"rendered":"<p>D\u0131\u015fi\u015fleri Bakan\u0131 \u00c7avu\u015fo\u011flu, T\u00fcrk vatanda\u015flar\u0131n\u0131n AB \u00fclkelerine vizesiz seyahat edebilmelerini sa\u011flayacak d\u00fczenleme i\u00e7in Ekim ay\u0131na kadar s\u00fcre verdi.<\/p>\n","protected":false},"author":3,"featured_media":236438,"comment_status":"open","ping_status":"open","sticky":false,"template":"","format":"standard","meta":{"_acf_changed":false,"footnotes":""},"categories":[6155,6202,6671,339,6805],"tags":[28320,49088,36337,204950,148833,57692],"class_list":["post-236433","post","type-post","status-publish","format-standard","has-post-thumbnail","hentry","category-gundem","category-politika","category-seyahat","category-turizm","category-turkiye","tag-disisleri-bakani","tag-mevlut-cavusoglu","tag-vize","tag-vize-serbestisi","tag-vizesiz-avrupa-seyahati","tag-vizesiz-turlar"],"acf":[],"_links":{"self":[{"href":"https:\/\/www.nationalturk.com\/tr\/wp-json\/wp\/v2\/posts\/236433","targetHints":{"allow":["GET"]}}],"collection":[{"href":"https:\/\/www.nationalturk.com\/tr\/wp-json\/wp\/v2\/posts"}],"about":[{"href":"https:\/\/www.nationalturk.com\/tr\/wp-json\/wp\/v2\/types\/post"}],"author":[{"embeddable":true,"href":"https:\/\/www.nationalturk.com\/tr\/wp-json\/wp\/v2\/users\/3"}],"replies":[{"embeddable":true,"href":"https:\/\/www.nationalturk.com\/tr\/wp-json\/wp\/v2\/comments?post=236433"}],"version-history":[{"count":0,"href":"https:\/\/www.nationalturk.com\/tr\/wp-json\/wp\/v2\/posts\/236433\/revisions"}],"wp:featuredmedia":[{"embeddable":true,"href":"https:\/\/www.nationalturk.com\/tr\/wp-json\/wp\/v2\/media\/236438"}],"wp:attachment":[{"href":"https:\/\/www.nationalturk.com\/tr\/wp-json\/wp\/v2\/media?parent=236433"}],"wp:term":[{"taxonomy":"category","embeddable":true,"href":"https:\/\/www.nationalturk.com\/tr\/wp-json\/wp\/v2\/categories?post=236433"},{"taxonomy":"post_tag","embeddable":true,"href":"https:\/\/www.nationalturk.com\/tr\/wp-json\/wp\/v2\/tags?post=236433"}],"curies":[{"name":"wp","href":"https:\/\/api.w.org\/{rel}","templated":true}]}}