{"id":236498,"date":"2016-08-02T10:20:40","date_gmt":"2016-08-02T07:20:40","guid":{"rendered":"http:\/\/www.nationalturk.com\/?p=236498"},"modified":"2016-08-02T10:20:40","modified_gmt":"2016-08-02T07:20:40","slug":"kayip-antik-sehir-zakynthos","status":"publish","type":"post","link":"https:\/\/www.nationalturk.com\/tr\/kayip-antik-sehir-zakynthos\/","title":{"rendered":"Kay\u0131p antik \u015fehir Zakynthos bilinenin aksine Yunanlar taraf\u0131ndan in\u015fa edilmemi\u015f"},"content":{"rendered":"<h1>Yunanlar taraf\u0131ndan in\u015fa edildi\u011fi d\u00fc\u015f\u00fcn\u00fclen Kay\u0131p antik \u015fehir Zakynthos, me\u011fer 5 milyon y\u0131ll\u0131k bir s\u00fcre\u00e7te mikroplar\u0131n denizde b\u0131rakt\u0131klar\u0131 izlerden olu\u015fmu\u015f.<\/h1>\n<p>\u0130yon Denizindeki Yunan adalar\u0131ndan Zakynthos\u2019un a\u00e7\u0131klar\u0131nda iki y\u0131l \u00f6nce ke\u015ffedilen ve antik bir \u015fehri and\u0131ran kal\u0131nt\u0131lar\u0131n, kay\u0131p antik \u015fehir Zakynthos\u2019a ait olmad\u0131\u011f\u0131, \u00fcstelik insanlar taraf\u0131ndan in\u015fa edilmedi\u011fi ortaya \u00e7\u0131kt\u0131.<\/p>\n<p>Antik bir kentin s\u00fctunlar\u0131 ve kald\u0131r\u0131m kal\u0131nt\u0131lar\u0131n\u0131 and\u0131ran \u015fekillerin 5 milyon y\u0131ll\u0131k bir s\u00fcre\u00e7te mikroplar\u0131n denizde b\u0131rakt\u0131klar\u0131 izlerden olu\u015ftu\u011fu anla\u015f\u0131ld\u0131.<\/p>\n<p><img loading=\"lazy\" decoding=\"async\" class=\"alignnone  wp-image-236503\" src=\"http:\/\/www.nationalturk.com\/tr\/wp-content\/uploads\/2016\/08\/Zakynthos-antik-sehir.jpg\" alt=\"Zakynthos-antik-sehir\" width=\"610\" height=\"343\" title=\"\"><\/p>\n<p>2014 y\u0131l\u0131nda Yunan adas\u0131 Zakynthos a\u00e7\u0131klar\u0131nda dal\u0131\u015f yapan turistler ta\u015fl\u0131 bir yolu ve s\u00fctunlar\u0131 and\u0131ran kal\u0131nt\u0131lar\u0131n antik bir \u015fehrin kal\u0131nt\u0131lar\u0131 olabilece\u011fini d\u00fc\u015f\u00fcn\u00fcp foto\u011fraflar\u0131n\u0131 \u00e7ektiler. Bu foto\u011fraflar\u0131n Google Earth\u2019e y\u00fcklenmesiyle uzmanlar b\u00f6lgede kapsaml\u0131 ara\u015ft\u0131rma ba\u015flatt\u0131. Fakat sikke ya da \u00e7\u00f6mlek gibi insan yap\u0131m\u0131 kal\u0131nt\u0131lara rastlanmad\u0131. <em>aktuelarkeoloji.com.tr&#8217;nin<\/em>, Science Mag&#8217;den referans verdi\u011fi haberine g\u00f6re; Ara\u015ft\u0131rmalar\u0131n\u0131 derinle\u015ftiren uzmanlar, bu yap\u0131lar\u0131n mikroplar taraf\u0131ndan yap\u0131ld\u0131\u011f\u0131n\u0131 ortaya \u00e7\u0131kard\u0131.<\/p>\n<p><img loading=\"lazy\" decoding=\"async\" class=\"alignnone  wp-image-236502\" src=\"http:\/\/www.nationalturk.com\/tr\/wp-content\/uploads\/2016\/08\/Zakynthos-adasi-yunanistan.jpg\" alt=\"Zakynthos-adasi-yunanistan\" width=\"612\" height=\"367\" title=\"\"><\/p>\n<p>Ara\u015ft\u0131rmac\u0131lar, mikroplar\u0131n aktivitelerinin topra\u011f\u0131n kimyas\u0131n\u0131 de\u011fi\u015ftirdi\u011fini, bu durumun magnezyum a\u00e7\u0131s\u0131ndan zengin \u201cdolomit\u201d ya da beyaz mermer denilen karbonat kaya \u015fekillerinin olu\u015fmas\u0131na zemin haz\u0131rlad\u0131\u011f\u0131n\u0131 belirtiyorlar. Metan kal\u0131nt\u0131lar\u0131 da\u011f\u0131ld\u0131\u011f\u0131nda, bakteriler tabakaya benzer ve kald\u0131r\u0131m ta\u015flar\u0131n\u0131 and\u0131ran dolomit yap\u0131lar olu\u015fturmaya ba\u015fl\u0131yor. S\u0131z\u0131nt\u0131lar yo\u011funla\u015ft\u0131\u011f\u0131nda, bakteriler tekerle\u011fe benzeyen yuvarlak yap\u0131lar\u0131n olu\u015fmas\u0131na sebep oluyor.<\/p>\n<!-- Error, Advert is not available at this time due to schedule\/geolocation restrictions! -->\n","protected":false},"excerpt":{"rendered":"<p>Yunanlar taraf\u0131ndan in\u015fa edildi\u011fi d\u00fc\u015f\u00fcn\u00fclen Kay\u0131p antik \u015fehir Zakynthos, me\u011fer 5 milyon y\u0131ll\u0131k bir s\u00fcre\u00e7te mikroplar\u0131n denizde b\u0131rakt\u0131klar\u0131 izlerden olu\u015fmu\u015f.<\/p>\n","protected":false},"author":3,"featured_media":236501,"comment_status":"open","ping_status":"open","sticky":false,"template":"","format":"standard","meta":{"_acf_changed":false,"footnotes":""},"categories":[6665,339,6662],"tags":[11,1202,208197,208054],"class_list":["post-236498","post","type-post","status-publish","format-standard","has-post-thumbnail","hentry","category-dunya","category-turizm","category-yasam","tag-yunan-adalari","tag-yunanistan","tag-zakynthos","tag-zakynthos-adasi"],"acf":[],"_links":{"self":[{"href":"https:\/\/www.nationalturk.com\/tr\/wp-json\/wp\/v2\/posts\/236498","targetHints":{"allow":["GET"]}}],"collection":[{"href":"https:\/\/www.nationalturk.com\/tr\/wp-json\/wp\/v2\/posts"}],"about":[{"href":"https:\/\/www.nationalturk.com\/tr\/wp-json\/wp\/v2\/types\/post"}],"author":[{"embeddable":true,"href":"https:\/\/www.nationalturk.com\/tr\/wp-json\/wp\/v2\/users\/3"}],"replies":[{"embeddable":true,"href":"https:\/\/www.nationalturk.com\/tr\/wp-json\/wp\/v2\/comments?post=236498"}],"version-history":[{"count":0,"href":"https:\/\/www.nationalturk.com\/tr\/wp-json\/wp\/v2\/posts\/236498\/revisions"}],"wp:featuredmedia":[{"embeddable":true,"href":"https:\/\/www.nationalturk.com\/tr\/wp-json\/wp\/v2\/media\/236501"}],"wp:attachment":[{"href":"https:\/\/www.nationalturk.com\/tr\/wp-json\/wp\/v2\/media?parent=236498"}],"wp:term":[{"taxonomy":"category","embeddable":true,"href":"https:\/\/www.nationalturk.com\/tr\/wp-json\/wp\/v2\/categories?post=236498"},{"taxonomy":"post_tag","embeddable":true,"href":"https:\/\/www.nationalturk.com\/tr\/wp-json\/wp\/v2\/tags?post=236498"}],"curies":[{"name":"wp","href":"https:\/\/api.w.org\/{rel}","templated":true}]}}