{"id":236880,"date":"2016-08-08T08:35:26","date_gmt":"2016-08-08T05:35:26","guid":{"rendered":"http:\/\/www.nationalturk.com\/?p=236880"},"modified":"2024-09-10T11:54:27","modified_gmt":"2024-09-10T08:54:27","slug":"demokrasi-ve-sehitler-mitingine-5-milyon-katilim","status":"publish","type":"post","link":"https:\/\/www.nationalturk.com\/tr\/demokrasi-ve-sehitler-mitingine-5-milyon-katilim\/","title":{"rendered":"Demokrasi ve \u015eehitler Mitingine 5 milyon kat\u0131l\u0131m"},"content":{"rendered":"<h1>Yenikap\u0131&#8217;da d\u00fczenlenen Demokrasi ve \u015eehitler Mitingi, yakla\u015f\u0131k 5 milyon vatanda\u015f\u0131n kat\u0131l\u0131m\u0131yla ger\u00e7ekle\u015fti.<\/h1>\n<p>Cumhurba\u015fkan\u0131 Recep Tayyip Erdo\u011fan, TBMM Ba\u015fkan\u0131 \u0130smail Kahraman, AK Parti Genel Ba\u015fkan\u0131 ve Ba\u015fbakan Binali Y\u0131ld\u0131r\u0131m, CHP Genel Ba\u015fkan\u0131 Kemal K\u0131l\u0131\u00e7daro\u011flu, MHP Genel Ba\u015fkan\u0131 Devlet Bah\u00e7eli, Genelkurmay Ba\u015fkan\u0131 Orgeneral Hulusi Akar ile sivil toplum \u00f6rg\u00fct\u00fc temsilcilerinin yan\u0131 s\u0131ra T\u00fcrkiye\u2019nin farkl\u0131 \u015fehirlerinden yo\u011fun kat\u0131l\u0131m\u0131n oldu\u011fu &#8220;Demokrasi ve \u015eehitler Mitingi&#8221; \u015f\u00f6len havas\u0131nda ge\u00e7ti.<\/p>\n<p>\u0130stanbul Emniyet M\u00fcd\u00fcrl\u00fc\u011f\u00fc&#8217;ne ait helikopterle havadan yap\u0131lan denetimde, metrekareye d\u00fc\u015fen ki\u015fi say\u0131s\u0131 analizi sonucunda yakla\u015f\u0131k 5 milyon vatanda\u015f\u0131n miting i\u00e7in Yenikap\u0131&#8217;ya geldi\u011fi ve bu rakam\u0131n bug\u00fcne kadarki mitingler dikkate al\u0131nd\u0131\u011f\u0131nda rekor bir kat\u0131l\u0131m anlam\u0131na geldi\u011fi belirtildi.<\/p>\n<!-- Error, Advert is not available at this time due to schedule\/geolocation restrictions! -->\n<p>Miting alan\u0131na ula\u015f\u0131m i\u00e7in 7 bin otob\u00fcs, 203 tekne, 10 vapur \u00fccretsiz hizmet verdi. Silivri, Bak\u0131rk\u00f6y, Yenikap\u0131, Sirkeci, Ey\u00fcp, S\u00fctl\u00fcce, Hali\u00e7 Kongre Merkezi, Beykoz, \u00dcsk\u00fcdar, Kad\u0131k\u00f6y, Pendik ile Adalar iskelelerinden deniz ara\u00e7lar\u0131 hareket etti. Engelli vatanda\u015flar i\u00e7in 50 adet otob\u00fcs tahsis edildi ve engelli ara\u00e7lar\u0131 i\u00e7in ara\u00e7 say\u0131s\u0131 kadar engelli tabelas\u0131 haz\u0131rland\u0131.<\/p>\n<p>Miting alan\u0131na 1 milyon watt g\u00fcc\u00fcnde ses sistemi kuruldu. Bunun, bug\u00fcne kadar T\u00fcrkiye&#8217;de kurulan en b\u00fcy\u00fck ses sistemi oldu\u011fu bildirildi. Alana kurulan ses sistemiyle 1,5 kilometre mesafeye ses iletimi sa\u011fland\u0131. Miting alan\u0131na 300 ki\u015filik ekibin 3 g\u00fcn s\u00fcren \u00e7al\u0131\u015fma sonucu kurdu\u011fu ses sisteminin enerji ihtiyac\u0131n\u0131n 54 jenerat\u00f6rle sa\u011fland\u0131\u011f\u0131 ve alana 22 led ekran\u0131n kuruldu\u011fu kaydedildi.<\/p>\n<p>Miting alan\u0131nda ses ve g\u00f6r\u00fcnt\u00fc aktarmalar\u0131 vin\u00e7ler \u00fczerine \u00e7ekilen \u00e7elik halatlarla yap\u0131l\u0131rken, bu ama\u00e7la 6 bin metre halat \u00e7ekildi. G\u00f6r\u00fcnt\u00fc aktarma ise 5 bin metre fiber hatla sa\u011fland\u0131.<\/p>\n<p>&#8220;Demokrasi ve \u015eehitler Mitingi&#8221;ni takip etmek isteyen yabanc\u0131 konuklar ve gazeteciler i\u00e7in \u0130stanbul B\u00fcy\u00fck\u015fehir Belediyesi&#8217;nin ak\u0131ll\u0131 uygulamas\u0131 taraf\u0131ndan &#8220;ibb simultane&#8221; hizmeti verildi. Ba\u015fta \u0130ngilizce ve Arap\u00e7a olmak \u00fczere farkl\u0131 dillerde, cep telefonlar\u0131 \u00fczerinden online olarak sim\u00fcltane \u00e7eviri hizmeti sunuldu. Mitingde 48 ki\u015filik canl\u0131 yay\u0131n ekibi g\u00f6rev ald\u0131.<\/p>\n<!-- Error, Advert is not available at this time due to schedule\/geolocation restrictions! -->\n","protected":false},"excerpt":{"rendered":"<p>Yenikap\u0131&#8217;da d\u00fczenlenen Demokrasi ve \u015eehitler Mitingi, yakla\u015f\u0131k 5 milyon vatanda\u015f\u0131n kat\u0131l\u0131m\u0131yla ger\u00e7ekle\u015fti.<\/p>\n","protected":false},"author":3,"featured_media":236881,"comment_status":"open","ping_status":"open","sticky":false,"template":"","format":"standard","meta":{"_acf_changed":false,"footnotes":""},"categories":[6155,763,5005,6805],"tags":[208276,196812,787,31650,32771,14828,208277],"class_list":["post-236880","post","type-post","status-publish","format-standard","has-post-thumbnail","hentry","category-gundem","category-gunun-olayi","category-manset","category-turkiye","tag-demokrasi-ve-sehitler-mitingi","tag-miting","tag-recep-tayyip-erdogan","tag-sehit","tag-sehit-cenazesi","tag-yenikapi","tag-yenikapi-miting"],"acf":[],"_links":{"self":[{"href":"https:\/\/www.nationalturk.com\/tr\/wp-json\/wp\/v2\/posts\/236880","targetHints":{"allow":["GET"]}}],"collection":[{"href":"https:\/\/www.nationalturk.com\/tr\/wp-json\/wp\/v2\/posts"}],"about":[{"href":"https:\/\/www.nationalturk.com\/tr\/wp-json\/wp\/v2\/types\/post"}],"author":[{"embeddable":true,"href":"https:\/\/www.nationalturk.com\/tr\/wp-json\/wp\/v2\/users\/3"}],"replies":[{"embeddable":true,"href":"https:\/\/www.nationalturk.com\/tr\/wp-json\/wp\/v2\/comments?post=236880"}],"version-history":[{"count":0,"href":"https:\/\/www.nationalturk.com\/tr\/wp-json\/wp\/v2\/posts\/236880\/revisions"}],"wp:featuredmedia":[{"embeddable":true,"href":"https:\/\/www.nationalturk.com\/tr\/wp-json\/wp\/v2\/media\/236881"}],"wp:attachment":[{"href":"https:\/\/www.nationalturk.com\/tr\/wp-json\/wp\/v2\/media?parent=236880"}],"wp:term":[{"taxonomy":"category","embeddable":true,"href":"https:\/\/www.nationalturk.com\/tr\/wp-json\/wp\/v2\/categories?post=236880"},{"taxonomy":"post_tag","embeddable":true,"href":"https:\/\/www.nationalturk.com\/tr\/wp-json\/wp\/v2\/tags?post=236880"}],"curies":[{"name":"wp","href":"https:\/\/api.w.org\/{rel}","templated":true}]}}