{"id":237241,"date":"2016-08-12T11:38:28","date_gmt":"2016-08-12T08:38:28","guid":{"rendered":"http:\/\/www.nationalturk.com\/?p=237241"},"modified":"2024-09-10T11:54:23","modified_gmt":"2024-09-10T08:54:23","slug":"nusaybinde-saldiri-1-sehit","status":"publish","type":"post","link":"https:\/\/www.nationalturk.com\/tr\/nusaybinde-saldiri-1-sehit\/","title":{"rendered":"Nusaybin&#8217;de sald\u0131r\u0131: 1 \u015fehit"},"content":{"rendered":"<h1>Mardin&#8217;in Nusaybin il\u00e7esinde Selahaddin Eyyubi Mahallesi&#8217;nde devriye g\u00f6revini y\u00fcr\u00fcten polislerin bulundu\u011fu z\u0131rhl\u0131 araca PKK&#8217;l\u0131 ter\u00f6ristlerce uzun namlulu silahlarla ate\u015f a\u00e7\u0131ld\u0131.<\/h1>\n<p>A\u00e7\u0131lan ilk ate\u015fte bir polis \u015fehit oldu, bir polis memuru yaraland\u0131.<\/p>\n<p>Polislerin kar\u015f\u0131l\u0131k vermesi \u00fczerine \u00e7\u0131kan \u00e7at\u0131\u015fmada iki ter\u00f6rist etkisiz hale getirildi.<\/p>\n<p>Yaralanan polis, Nusaybin Devlet Hastanesine kald\u0131r\u0131ld\u0131.<\/p>\n<!-- Error, Advert is not available at this time due to schedule\/geolocation restrictions! -->\n","protected":false},"excerpt":{"rendered":"<p>Mardin&#8217;in Nusaybin il\u00e7esinde Selahaddin Eyyubi Mahallesi&#8217;nde devriye g\u00f6revini y\u00fcr\u00fcten polislerin bulundu\u011fu z\u0131rhl\u0131 araca PKK&#8217;l\u0131 ter\u00f6ristlerce uzun namlulu silahlarla ate\u015f a\u00e7\u0131ld\u0131. A\u00e7\u0131lan ilk ate\u015fte bir polis \u015fehit oldu, bir polis memuru yaraland\u0131. Polislerin kar\u015f\u0131l\u0131k vermesi \u00fczerine \u00e7\u0131kan \u00e7at\u0131\u015fmada iki ter\u00f6rist etkisiz hale getirildi. Yaralanan polis, Nusaybin Devlet Hastanesine kald\u0131r\u0131ld\u0131.<\/p>\n","protected":false},"author":4,"featured_media":237242,"comment_status":"open","ping_status":"open","sticky":false,"template":"","format":"standard","meta":{"_acf_changed":false,"footnotes":""},"categories":[6155,349,6805],"tags":[2204,35103,35099,70827,31650,32771],"class_list":["post-237241","post","type-post","status-publish","format-standard","has-post-thumbnail","hentry","category-gundem","category-son-dakika","category-turkiye","tag-mardin","tag-mardin-nusaybin","tag-nusaybin","tag-nusaybin-saldiri","tag-sehit","tag-sehit-cenazesi"],"acf":[],"_links":{"self":[{"href":"https:\/\/www.nationalturk.com\/tr\/wp-json\/wp\/v2\/posts\/237241","targetHints":{"allow":["GET"]}}],"collection":[{"href":"https:\/\/www.nationalturk.com\/tr\/wp-json\/wp\/v2\/posts"}],"about":[{"href":"https:\/\/www.nationalturk.com\/tr\/wp-json\/wp\/v2\/types\/post"}],"author":[{"embeddable":true,"href":"https:\/\/www.nationalturk.com\/tr\/wp-json\/wp\/v2\/users\/4"}],"replies":[{"embeddable":true,"href":"https:\/\/www.nationalturk.com\/tr\/wp-json\/wp\/v2\/comments?post=237241"}],"version-history":[{"count":0,"href":"https:\/\/www.nationalturk.com\/tr\/wp-json\/wp\/v2\/posts\/237241\/revisions"}],"wp:featuredmedia":[{"embeddable":true,"href":"https:\/\/www.nationalturk.com\/tr\/wp-json\/wp\/v2\/media\/237242"}],"wp:attachment":[{"href":"https:\/\/www.nationalturk.com\/tr\/wp-json\/wp\/v2\/media?parent=237241"}],"wp:term":[{"taxonomy":"category","embeddable":true,"href":"https:\/\/www.nationalturk.com\/tr\/wp-json\/wp\/v2\/categories?post=237241"},{"taxonomy":"post_tag","embeddable":true,"href":"https:\/\/www.nationalturk.com\/tr\/wp-json\/wp\/v2\/tags?post=237241"}],"curies":[{"name":"wp","href":"https:\/\/api.w.org\/{rel}","templated":true}]}}