{"id":237244,"date":"2016-08-12T11:45:41","date_gmt":"2016-08-12T08:45:41","guid":{"rendered":"http:\/\/www.nationalturk.com\/?p=237244"},"modified":"2016-08-12T11:45:41","modified_gmt":"2016-08-12T08:45:41","slug":"besiktas-efsane-baskanini-anacak","status":"publish","type":"post","link":"https:\/\/www.nationalturk.com\/tr\/besiktas-efsane-baskanini-anacak\/","title":{"rendered":"Be\u015fikta\u015f efsane ba\u015fkan\u0131n\u0131 anacak"},"content":{"rendered":"<h1>Be\u015fikta\u015f Kul\u00fcb\u00fc Onursal Ba\u015fkan\u0131 S\u00fcleyman Seba, vefat\u0131n\u0131n 2. y\u0131l\u0131nda kabri ba\u015f\u0131nda an\u0131lacak.<\/h1>\n<p>Be\u015fikta\u015f\u2019\u0131n internet sitesinden yap\u0131lan a\u00e7\u0131klamada 13 A\u011fustos 2014\u2019te hayat\u0131n\u0131 kaybeden Seba i\u00e7in yar\u0131n saat 11.00\u2019de Ferik\u00f6y Mezarl\u0131\u011f\u0131\u2019ndaki kabri ba\u015f\u0131nda anma t\u00f6reni d\u00fczenlenece\u011fi belirtildi.<\/p>\n<p>Ayr\u0131ca, saat 09.30\u2019dan itibaren S\u00fcleyman Seba\u2019n\u0131n Akaretler\u2019deki heykelinin \u00f6n\u00fcne taraftarlar\u0131n mesajlar\u0131n\u0131 yazmalar\u0131 i\u00e7in taziye defteri konulaca\u011f\u0131 ve t\u00f6rene y\u00f6neticilerin de kat\u0131laca\u011f\u0131 \u00f6\u011frenildi.<\/p>\n<table width=\"176\">\n<tbody>\n<tr>\n<td width=\"176\"><!-- Error, Advert is not available at this time due to schedule\/geolocation restrictions! --><\/td>\n<\/tr>\n<\/tbody>\n<\/table>\n","protected":false},"excerpt":{"rendered":"<p>Be\u015fikta\u015f Kul\u00fcb\u00fc Onursal Ba\u015fkan\u0131 S\u00fcleyman Seba, vefat\u0131n\u0131n 2. y\u0131l\u0131nda kabri ba\u015f\u0131nda an\u0131lacak. Be\u015fikta\u015f\u2019\u0131n internet sitesinden yap\u0131lan a\u00e7\u0131klamada 13 A\u011fustos 2014\u2019te hayat\u0131n\u0131 kaybeden Seba i\u00e7in yar\u0131n saat 11.00\u2019de Ferik\u00f6y Mezarl\u0131\u011f\u0131\u2019ndaki kabri ba\u015f\u0131nda anma t\u00f6reni d\u00fczenlenece\u011fi belirtildi. Ayr\u0131ca, saat 09.30\u2019dan itibaren S\u00fcleyman Seba\u2019n\u0131n Akaretler\u2019deki heykelinin \u00f6n\u00fcne taraftarlar\u0131n mesajlar\u0131n\u0131 yazmalar\u0131 i\u00e7in taziye defteri konulaca\u011f\u0131 ve t\u00f6rene y\u00f6neticilerin de &hellip;<\/p>\n","protected":false},"author":4,"featured_media":237245,"comment_status":"open","ping_status":"open","sticky":false,"template":"","format":"standard","meta":{"_acf_changed":false,"footnotes":""},"categories":[6774,5005,6194],"tags":[1748,18904,194908,194909,208604],"class_list":["post-237244","post","type-post","status-publish","format-standard","has-post-thumbnail","hentry","category-futbol","category-manset","category-spor","tag-besiktas","tag-suleyman-seba","tag-suleyman-seba-anma","tag-suleyman-seba-anma-toreni","tag-suleyman-seba-olum-yil-donumu"],"acf":[],"_links":{"self":[{"href":"https:\/\/www.nationalturk.com\/tr\/wp-json\/wp\/v2\/posts\/237244","targetHints":{"allow":["GET"]}}],"collection":[{"href":"https:\/\/www.nationalturk.com\/tr\/wp-json\/wp\/v2\/posts"}],"about":[{"href":"https:\/\/www.nationalturk.com\/tr\/wp-json\/wp\/v2\/types\/post"}],"author":[{"embeddable":true,"href":"https:\/\/www.nationalturk.com\/tr\/wp-json\/wp\/v2\/users\/4"}],"replies":[{"embeddable":true,"href":"https:\/\/www.nationalturk.com\/tr\/wp-json\/wp\/v2\/comments?post=237244"}],"version-history":[{"count":0,"href":"https:\/\/www.nationalturk.com\/tr\/wp-json\/wp\/v2\/posts\/237244\/revisions"}],"wp:featuredmedia":[{"embeddable":true,"href":"https:\/\/www.nationalturk.com\/tr\/wp-json\/wp\/v2\/media\/237245"}],"wp:attachment":[{"href":"https:\/\/www.nationalturk.com\/tr\/wp-json\/wp\/v2\/media?parent=237244"}],"wp:term":[{"taxonomy":"category","embeddable":true,"href":"https:\/\/www.nationalturk.com\/tr\/wp-json\/wp\/v2\/categories?post=237244"},{"taxonomy":"post_tag","embeddable":true,"href":"https:\/\/www.nationalturk.com\/tr\/wp-json\/wp\/v2\/tags?post=237244"}],"curies":[{"name":"wp","href":"https:\/\/api.w.org\/{rel}","templated":true}]}}