{"id":237509,"date":"2016-08-16T10:29:11","date_gmt":"2016-08-16T07:29:11","guid":{"rendered":"http:\/\/www.nationalturk.com\/?p=237509"},"modified":"2016-08-16T10:56:36","modified_gmt":"2016-08-16T07:56:36","slug":"son-dakika-meral-aksenere-ihrac-talebi","status":"publish","type":"post","link":"https:\/\/www.nationalturk.com\/tr\/son-dakika-meral-aksenere-ihrac-talebi\/","title":{"rendered":"Son Dakika: Meral Ak\u015fener&#8217;e ihra\u00e7 talebi"},"content":{"rendered":"<h1>MHP&#8217;de Meral Ak\u015fener, Ayhan Erel, Ali Sa\u011f\u0131r ve Mehmet Bilgi\u00e7&#8217;in, parti \u00fcyeli\u011finden kesin \u00e7\u0131karma cezas\u0131n\u0131n uygulanmas\u0131 talebiyle tedbirli olarak Merkez Disiplin Kuruluna sevklerine karar verildi.<\/h1>\n<p>MHP T\u00fcz\u00fc\u011f\u00fc&#8217;n\u00fcn 11. maddesinin ihlal edildi\u011fi gerek\u00e7esiyle, Meral Ak\u015fener ile \u00c7a\u011fr\u0131 Heyeti&#8217;nden Ayhan Erel, Ali Sa\u011f\u0131r ve Mehmet Bilgi\u00e7&#8217;in, parti \u00fcyeli\u011finden kesin \u00e7\u0131karma talebiyle tedbirli olarak Merkez Disiplin Kuruluna sevklerine karar verildi.<\/p>\n<p>MHP Genel Merkezi&#8217;nden yap\u0131lan yaz\u0131l\u0131 a\u00e7\u0131klamada, Ak\u015fener, Erel, Sa\u011f\u0131r ve Bilgi\u00e7&#8217;in parti \u00fcyelik g\u00f6rev ve sorumluluklar\u0131n\u0131 g\u00f6steren MHP T\u00fcz\u00fc\u011f\u00fc&#8217;n\u00fcn 11. maddesini ihlal etti\u011fi belirtildi.<\/p>\n<p>A\u00e7\u0131klamada, bu kapsamda, Ak\u015fener ve \u00c7a\u011fr\u0131 Heyeti \u00fcyelerinin, parti \u00fcyeli\u011finden kesin \u00e7\u0131karma talebiyle, tedbirli olarak Merkez Disiplin Kuruluna sevklerine karar verildi\u011fi kaydedildi.<\/p>\n<p>MHP T\u00fcz\u00fc\u011f\u00fc&#8217;n\u00fcn &#8220;Partili \u00dcyelerin G\u00f6rev ve Sorumluluklar\u0131&#8221;n\u0131 d\u00fczenleyen 11. maddesi \u015f\u00f6yle:<\/p>\n<p>&#8220;MADDE 11- Parti \u00fcyeleri;<\/p>\n<p>a. Parti i\u00e7inde kar\u015f\u0131l\u0131kl\u0131 sevgi, sayg\u0131 ve ahl\u00e2k kurallar\u0131na uygun olarak partinin dayand\u0131\u011f\u0131 fikir ve idealleri payla\u015fmay\u0131, parti t\u00fcz\u00fck ve program\u0131ndaki ilke ve esaslara g\u00f6re birlik ve beraberlik<br \/>\ni\u00e7inde \u00e7al\u0131\u015fmay\u0131,<br \/>\nb. Partinin yetkili kurullar\u0131nca al\u0131nacak kararlara uymay\u0131, verilecek g\u00f6revleri kabul etmeyi, parti faaliyetlerinde kademe esas\u0131na ve disiplin h\u00fck\u00fcmlerine riayet etmeyi,<br \/>\nc. Partinin amac\u0131n\u0131, ilkelerini, politikalar\u0131n\u0131 ve g\u00f6r\u00fc\u015flerini benimsemeyi ve yaymay\u0131,<br \/>\nd. Se\u00e7imlerde parti adaylar\u0131na oy vermeyi ve onlar\u0131n kazanmas\u0131 i\u00e7in g\u00fc\u00e7leri nispetinde \u00e7al\u0131\u015fmay\u0131,<br \/>\ne. Parti i\u00e7inde ve d\u0131\u015f\u0131nda partinin ama\u00e7, ilke ve politikalar\u0131na ayk\u0131r\u0131 fiiller ile huzuru, birlik ve beraberli\u011fi zedeleyecek ifade, tav\u0131r ve davran\u0131\u015flardan ka\u00e7\u0131nmay\u0131, beyan ve a\u00e7\u0131k\u00e7a kabul etmi\u015f say\u0131l\u0131rlar. &#8221;<\/p>\n<p><span style=\"line-height: 1.5;\"><!-- Error, Advert is not available at this time due to schedule\/geolocation restrictions! --><\/span><\/p>\n","protected":false},"excerpt":{"rendered":"<p>MHP&#8217;de Meral Ak\u015fener, Ayhan Erel, Ali Sa\u011f\u0131r ve Mehmet Bilgi\u00e7&#8217;in, parti \u00fcyeli\u011finden kesin \u00e7\u0131karma cezas\u0131n\u0131n uygulanmas\u0131 talebiyle tedbirli olarak Merkez Disiplin Kuruluna sevklerine karar verildi. MHP T\u00fcz\u00fc\u011f\u00fc&#8217;n\u00fcn 11. maddesinin ihlal edildi\u011fi gerek\u00e7esiyle, Meral Ak\u015fener ile \u00c7a\u011fr\u0131 Heyeti&#8217;nden Ayhan Erel, Ali Sa\u011f\u0131r ve Mehmet Bilgi\u00e7&#8217;in, parti \u00fcyeli\u011finden kesin \u00e7\u0131karma talebiyle tedbirli olarak Merkez Disiplin Kuruluna sevklerine &hellip;<\/p>\n","protected":false},"author":4,"featured_media":237510,"comment_status":"open","ping_status":"open","sticky":false,"template":"","format":"standard","meta":{"_acf_changed":false,"footnotes":""},"categories":[763],"tags":[202246,99575,208784,208783,10829,27382],"class_list":["post-237509","post","type-post","status-publish","format-standard","has-post-thumbnail","hentry","category-gunun-olayi","tag-ayhan-erel","tag-meral-aksener","tag-meral-aksener-ihrac","tag-meral-aksener-son-dakika","tag-mhp","tag-son-dakika"],"acf":[],"_links":{"self":[{"href":"https:\/\/www.nationalturk.com\/tr\/wp-json\/wp\/v2\/posts\/237509","targetHints":{"allow":["GET"]}}],"collection":[{"href":"https:\/\/www.nationalturk.com\/tr\/wp-json\/wp\/v2\/posts"}],"about":[{"href":"https:\/\/www.nationalturk.com\/tr\/wp-json\/wp\/v2\/types\/post"}],"author":[{"embeddable":true,"href":"https:\/\/www.nationalturk.com\/tr\/wp-json\/wp\/v2\/users\/4"}],"replies":[{"embeddable":true,"href":"https:\/\/www.nationalturk.com\/tr\/wp-json\/wp\/v2\/comments?post=237509"}],"version-history":[{"count":0,"href":"https:\/\/www.nationalturk.com\/tr\/wp-json\/wp\/v2\/posts\/237509\/revisions"}],"wp:featuredmedia":[{"embeddable":true,"href":"https:\/\/www.nationalturk.com\/tr\/wp-json\/wp\/v2\/media\/237510"}],"wp:attachment":[{"href":"https:\/\/www.nationalturk.com\/tr\/wp-json\/wp\/v2\/media?parent=237509"}],"wp:term":[{"taxonomy":"category","embeddable":true,"href":"https:\/\/www.nationalturk.com\/tr\/wp-json\/wp\/v2\/categories?post=237509"},{"taxonomy":"post_tag","embeddable":true,"href":"https:\/\/www.nationalturk.com\/tr\/wp-json\/wp\/v2\/tags?post=237509"}],"curies":[{"name":"wp","href":"https:\/\/api.w.org\/{rel}","templated":true}]}}