{"id":237758,"date":"2016-08-20T14:31:41","date_gmt":"2016-08-20T11:31:41","guid":{"rendered":"http:\/\/www.nationalturk.com\/?p=237758"},"modified":"2016-08-20T14:31:41","modified_gmt":"2016-08-20T11:31:41","slug":"adalet-bakanligi-2-bin-371-personel-alacak","status":"publish","type":"post","link":"https:\/\/www.nationalturk.com\/tr\/adalet-bakanligi-2-bin-371-personel-alacak\/","title":{"rendered":"Adalet Bakanl\u0131\u011f\u0131 2 bin 371 personel alacak"},"content":{"rendered":"<h1>Adalet Bakanl\u0131\u011f\u0131n\u0131n internet sitesinde yay\u0131mlanan ilana g\u00f6re, zab\u0131t katibi, m\u00fcba\u015fir, teknisyen, kaloriferci, \u015fof\u00f6r ve a\u015f\u00e7\u0131 kadrolar\u0131 i\u00e7in 2 bin 371 personel al\u0131nacak. Bunlardan 2 bin 161&#8217;i s\u00f6zle\u015fmeli, 210 ise kadrolu olarak istihdam edilecek.<\/h1>\n<p>Ba\u015fvurularda, lisans mezunlar\u0131 i\u00e7in 2016 y\u0131l\u0131 Kamu Personel Se\u00e7me S\u0131nav\u0131nda (KPSS-2016) KPSSP3, \u00f6nlisans mezunlar\u0131 i\u00e7in 2014 y\u0131l\u0131 Kamu Personel Se\u00e7me S\u0131nav\u0131nda (KPSS-2014) KPSSP93, orta\u00f6\u011fretim mezunlar\u0131 i\u00e7in 2014 y\u0131l\u0131 Kamu Personel Se\u00e7me S\u0131nav\u0131nda (KPSS-2014) KPSSP94 puan t\u00fcr\u00fcnden 70 ve daha yukar\u0131 puan alma \u015fart\u0131 aranacak.<\/p>\n<p>Ba\u015fvurular 22 A\u011fustos-5 Eyl\u00fcl tarihlerinde yap\u0131labilecek.<\/p>\n<p>Zab\u0131t katipli\u011fi i\u00e7in m\u00fcracaat edenler 1 Ekim Cumartesi g\u00fcn\u00fc uygulamal\u0131 s\u0131nava tabi tutulacak. T\u00fcm kadrolar i\u00e7in s\u00f6zl\u00fc s\u0131nav ise 24 Ekim 2016&#8217;da ger\u00e7ekle\u015ftirilecek.<\/p>\n<p>Ba\u015fvuru \u015fartlar\u0131 ve s\u00f6zl\u00fc s\u0131navla ilgili detaylara &#8220;http:\/\/www.pgm.adalet.gov.tr\/duyuru\/2016\/agustos\/tasra\/ilan.htm&#8221; adresinden ula\u015f\u0131labilecek.<\/p>\n<!-- Error, Advert is not available at this time due to schedule\/geolocation restrictions! -->\n","protected":false},"excerpt":{"rendered":"<p>Adalet Bakanl\u0131\u011f\u0131n\u0131n internet sitesinde yay\u0131mlanan ilana g\u00f6re, zab\u0131t katibi, m\u00fcba\u015fir, teknisyen, kaloriferci, \u015fof\u00f6r ve a\u015f\u00e7\u0131 kadrolar\u0131 i\u00e7in 2 bin 371 personel al\u0131nacak. Bunlardan 2 bin 161&#8217;i s\u00f6zle\u015fmeli, 210 ise kadrolu olarak istihdam edilecek. Ba\u015fvurularda, lisans mezunlar\u0131 i\u00e7in 2016 y\u0131l\u0131 Kamu Personel Se\u00e7me S\u0131nav\u0131nda (KPSS-2016) KPSSP3, \u00f6nlisans mezunlar\u0131 i\u00e7in 2014 y\u0131l\u0131 Kamu Personel Se\u00e7me S\u0131nav\u0131nda (KPSS-2014) &hellip;<\/p>\n","protected":false},"author":4,"featured_media":237759,"comment_status":"open","ping_status":"open","sticky":false,"template":"","format":"standard","meta":{"_acf_changed":false,"footnotes":""},"categories":[6199,6155,5005,6805],"tags":[10402,203706,54475,13880],"class_list":["post-237758","post","type-post","status-publish","format-standard","has-post-thumbnail","hentry","category-ekonomi","category-gundem","category-manset","category-turkiye","tag-adalet-bakanligi","tag-adalet-bakanligi-personel","tag-adalet-bakanligi-personel-alimi","tag-kamu-personel-alimi"],"acf":[],"_links":{"self":[{"href":"https:\/\/www.nationalturk.com\/tr\/wp-json\/wp\/v2\/posts\/237758","targetHints":{"allow":["GET"]}}],"collection":[{"href":"https:\/\/www.nationalturk.com\/tr\/wp-json\/wp\/v2\/posts"}],"about":[{"href":"https:\/\/www.nationalturk.com\/tr\/wp-json\/wp\/v2\/types\/post"}],"author":[{"embeddable":true,"href":"https:\/\/www.nationalturk.com\/tr\/wp-json\/wp\/v2\/users\/4"}],"replies":[{"embeddable":true,"href":"https:\/\/www.nationalturk.com\/tr\/wp-json\/wp\/v2\/comments?post=237758"}],"version-history":[{"count":0,"href":"https:\/\/www.nationalturk.com\/tr\/wp-json\/wp\/v2\/posts\/237758\/revisions"}],"wp:featuredmedia":[{"embeddable":true,"href":"https:\/\/www.nationalturk.com\/tr\/wp-json\/wp\/v2\/media\/237759"}],"wp:attachment":[{"href":"https:\/\/www.nationalturk.com\/tr\/wp-json\/wp\/v2\/media?parent=237758"}],"wp:term":[{"taxonomy":"category","embeddable":true,"href":"https:\/\/www.nationalturk.com\/tr\/wp-json\/wp\/v2\/categories?post=237758"},{"taxonomy":"post_tag","embeddable":true,"href":"https:\/\/www.nationalturk.com\/tr\/wp-json\/wp\/v2\/tags?post=237758"}],"curies":[{"name":"wp","href":"https:\/\/api.w.org\/{rel}","templated":true}]}}