{"id":237887,"date":"2016-08-24T08:54:29","date_gmt":"2016-08-24T05:54:29","guid":{"rendered":"http:\/\/www.nationalturk.com\/?p=237887"},"modified":"2016-08-24T09:03:33","modified_gmt":"2016-08-24T06:03:33","slug":"tsk-suriye-askeri-harekat-baslatti","status":"publish","type":"post","link":"https:\/\/www.nationalturk.com\/tr\/tsk-suriye-askeri-harekat-baslatti\/","title":{"rendered":"TSK, Suriye&#8217;ye askeri harekat ba\u015flatt\u0131!"},"content":{"rendered":"<h1>TSK M\u00fc\u015fterek \u00d6zel G\u00f6rev Kuvveti ve koalisyon hava kuvvetleri taraf\u0131ndan Suriye&#8217;nin Halep kentine ba\u011fl\u0131 Cerablus b\u00f6lgesine askeri harekat ba\u015flat\u0131ld\u0131.<\/h1>\n<p>T\u00fcrk Silahl\u0131 Kuvvetleri (TSK) M\u00fc\u015fterek \u00d6zel G\u00f6rev Kuvveti ve koalisyon hava kuvvetleri taraf\u0131ndan Suriye&#8217;nin Halep kentine ba\u011fl\u0131 Cerablus b\u00f6lgesinin ter\u00f6r \u00f6rg\u00fct\u00fc I\u015e\u0130D unsurlar\u0131ndan temizlenmesi amac\u0131yla harekat ba\u015flat\u0131ld\u0131.<\/p>\n<p>Cerablus b\u00f6lgesindeki I\u015e\u0130D unsurlar\u0131na misliyle mukabele kapsam\u0131nda yo\u011fun top at\u0131\u015flar\u0131 yap\u0131l\u0131yor.<\/p>\n<p>TSK unsurlar\u0131nca saat 04.00 sular\u0131nda icras\u0131na ba\u015flanan harekatla s\u0131n\u0131r\u0131n ter\u00f6r \u00f6rg\u00fctlerinden temizlenmesi ve hudut g\u00fcvenli\u011finin art\u0131r\u0131lmas\u0131na katk\u0131 sa\u011flanarak, ayn\u0131 zamanda Suriye&#8217;nin toprak b\u00fct\u00fcnl\u00fc\u011f\u00fcn\u00fcn \u00f6ncelenmesi ve desteklenmesi planlan\u0131yor.<\/p>\n<p>I\u015e\u0130D ile aktif m\u00fccadele eden TSK&#8217;n\u0131n operasyonlar\u0131, koalisyon g\u00fc\u00e7lerinin bu ter\u00f6r \u00f6rg\u00fct\u00fcne kar\u015f\u0131 y\u00fcr\u00fctt\u00fc\u011f\u00fc faaliyetlere \u00f6nemli katk\u0131 sa\u011fl\u0131yor.<\/p>\n<p>S\u00f6z konusu harekat sayesinde yeni g\u00f6\u00e7 dalgalar\u0131n\u0131n \u00f6nlenmesi, b\u00f6lgedeki sivil halka insani yard\u0131mlar\u0131n ula\u015ft\u0131r\u0131lmas\u0131 ve b\u00f6lgenin ter\u00f6rist unsurlardan ar\u0131nd\u0131r\u0131lmas\u0131 hedefleniyor.<\/p>\n<p>Operasyonla, T\u00fcrkiye Cumhuriyeti Devleti&#8217;ne ve milletine sald\u0131ran, masum vatanda\u015flar\u0131 katleden ter\u00f6r \u00f6rg\u00fctleriyle aktif \u015fekilde m\u00fccadele edilmesi, bu konuda uluslararas\u0131 toplum ve koalisyon g\u00fc\u00e7leriyle i\u015f birli\u011fi halinde \u00e7al\u0131\u015fmalar\u0131n s\u00fcrd\u00fcr\u00fclmesi ama\u00e7lan\u0131yor.<\/p>\n<h2>Sava\u015f u\u00e7aklar\u0131 I\u015e\u0130D hedeflerini bombalamaya ba\u015flad\u0131<\/h2>\n<p>T\u00fcrk Silahl\u0131 Kuvvetlerine ba\u011fl\u0131 sava\u015f u\u00e7aklar\u0131, Cerablus b\u00f6lgesindeki ter\u00f6r \u00f6rg\u00fct\u00fc I\u015e\u0130D hedeflerini bombalamaya ba\u015flad\u0131.\u00a0F\u0131rt\u0131na ob\u00fcsleri ve \u00e7ok namlulu roketatarlarla (\u00c7NR) ger\u00e7ekle\u015ftirilen yo\u011fun top\u00e7u at\u0131\u015f\u0131n\u0131n ard\u0131ndan sava\u015f u\u00e7aklar\u0131yla b\u00f6lge bombaland\u0131.\u00a0Operasyonda, \u00f6nceden belirlenen I\u015e\u0130D hedefleri etkisiz hale getirildi.<\/p>\n<h3>TSK&#8217;n\u0131n Suriye harekeat\u0131<\/h3>\n<p>Askeri kaynaklardan, Suriye&#8217;nin kuzeyine y\u00f6nelik harekat kapsam\u0131nda 05.45&#8217;te ba\u015flayan top ve \u00e7ok namlulu roketatar at\u0131\u015flar\u0131yla 63 hedefe 224 at\u0131m yap\u0131ld\u0131\u011f\u0131 bildirildi.<\/p>\n<p>Keklice ve Cerablus b\u00f6lgesinde belirlenen hedeflere y\u00f6nelik hava taarruzu icra ediliyor. Harekata Hava Kuvvetleri Komutanl\u0131\u011f\u0131na ait F-16 u\u00e7aklar\u0131 da kat\u0131l\u0131yor.<\/p>\n<p>Askeri kaynaklar, Suriye&#8217;nin kuzeyindeki harekat kapsam\u0131nda ge\u00e7it a\u00e7ma faaliyetlerinin devam etti\u011fini bildirdi.<\/p>\n<p>Genelkurmay Karargah\u0131ndaki Silahl\u0131 Kuvvetler Komuta Harekat Merkezi&#8217;nde Genelkurmay Ba\u015fkan\u0131 Orgeneral Akar, Genelkurmay 2. Ba\u015fkan\u0131 Orgeneral D\u00fcndar ile ilgili komutanlarla kuvvet komutanl\u0131klar\u0131n\u0131n harekat merkezlerinde t\u00fcm komuta kademesi harekat\u0131 y\u00f6netmek ve izlemek \u00fczere haz\u0131r bulunuyor.<\/p>\n<p>07.50 itibar\u0131yla Hava Kuvvetlerince vurulmas\u0131 planlanan 12 hedeften 11&#8217;inin tam isabetle vuruldu\u011funun teyit edildi<\/p>\n<!-- Error, Advert is not available at this time due to schedule\/geolocation restrictions! -->\n","protected":false},"excerpt":{"rendered":"<p>TSK M\u00fc\u015fterek \u00d6zel G\u00f6rev Kuvveti ve koalisyon hava kuvvetleri taraf\u0131ndan Suriye&#8217;nin Halep kentine ba\u011fl\u0131 Cerablus b\u00f6lgesine askeri harekat ba\u015flat\u0131ld\u0131.<\/p>\n","protected":false},"author":3,"featured_media":237888,"comment_status":"open","ping_status":"open","sticky":false,"template":"","format":"standard","meta":{"_acf_changed":false,"footnotes":""},"categories":[6155,763,5005,349],"tags":[209108,209115,151890,173706,806,65667],"class_list":["post-237887","post","type-post","status-publish","format-standard","has-post-thumbnail","hentry","category-gundem","category-gunun-olayi","category-manset","category-son-dakika","tag-cerablus","tag-cerablus-operasyon","tag-isid","tag-isid-suriye","tag-suriye","tag-suriye-halep"],"acf":[],"_links":{"self":[{"href":"https:\/\/www.nationalturk.com\/tr\/wp-json\/wp\/v2\/posts\/237887","targetHints":{"allow":["GET"]}}],"collection":[{"href":"https:\/\/www.nationalturk.com\/tr\/wp-json\/wp\/v2\/posts"}],"about":[{"href":"https:\/\/www.nationalturk.com\/tr\/wp-json\/wp\/v2\/types\/post"}],"author":[{"embeddable":true,"href":"https:\/\/www.nationalturk.com\/tr\/wp-json\/wp\/v2\/users\/3"}],"replies":[{"embeddable":true,"href":"https:\/\/www.nationalturk.com\/tr\/wp-json\/wp\/v2\/comments?post=237887"}],"version-history":[{"count":0,"href":"https:\/\/www.nationalturk.com\/tr\/wp-json\/wp\/v2\/posts\/237887\/revisions"}],"wp:featuredmedia":[{"embeddable":true,"href":"https:\/\/www.nationalturk.com\/tr\/wp-json\/wp\/v2\/media\/237888"}],"wp:attachment":[{"href":"https:\/\/www.nationalturk.com\/tr\/wp-json\/wp\/v2\/media?parent=237887"}],"wp:term":[{"taxonomy":"category","embeddable":true,"href":"https:\/\/www.nationalturk.com\/tr\/wp-json\/wp\/v2\/categories?post=237887"},{"taxonomy":"post_tag","embeddable":true,"href":"https:\/\/www.nationalturk.com\/tr\/wp-json\/wp\/v2\/tags?post=237887"}],"curies":[{"name":"wp","href":"https:\/\/api.w.org\/{rel}","templated":true}]}}