{"id":238136,"date":"2016-08-30T10:29:52","date_gmt":"2016-08-30T07:29:52","guid":{"rendered":"http:\/\/www.nationalturk.com\/?p=238136"},"modified":"2016-08-30T10:29:52","modified_gmt":"2016-08-30T07:29:52","slug":"dere-kenarinda-adil-oksuz-aramasi","status":"publish","type":"post","link":"https:\/\/www.nationalturk.com\/tr\/dere-kenarinda-adil-oksuz-aramasi\/","title":{"rendered":"Dere kenar\u0131nda Adil \u00d6ks\u00fcz aramas\u0131"},"content":{"rendered":"<div class=\"lead\">\n<h1 class=\"selectionShareable\">Sakarya&#8217;da arama \u00e7al\u0131\u015fmalar\u0131 kapsam\u0131nda gelen ihbar\u0131 de\u011ferlendiren jandarma ekipleri, Akyaz\u0131 il\u00e7esinde dere kenar\u0131nda topra\u011fa kaz\u0131lan oda \u015feklindeki yap\u0131da incelemelerde bulundu.<\/h1>\n<\/div>\n<p>Sakarya&#8217;da, Fetullah\u00e7\u0131 Ter\u00f6r \u00d6rg\u00fct\u00fc&#8217;n\u00fcn (FET\u00d6) darbe giri\u015fimine ili\u015fkin soru\u015fturma kapsam\u0131nda Ak\u0131nc\u0131 \u00dcss\u00fc&#8217;nde g\u00f6zalt\u0131na al\u0131nd\u0131ktan sonra sal\u0131verilen Adil \u00d6ks\u00fcz&#8217;\u00fc arama \u00e7al\u0131\u015fmalar\u0131nda bir ihbar\u0131 de\u011ferlendiren Akyaz\u0131 il\u00e7e jandarma ekipleri, dere kenar\u0131nda topra\u011fa kaz\u0131lm\u0131\u015f olan oda \u015feklindeki yap\u0131da arama yapt\u0131.<\/p>\n<p>Al\u0131nan bilgiye g\u00f6re, \u00c7\u0131ld\u0131rlar Mahallesi Kanl\u0131\u00e7ay Deresi&#8217;ne bal\u0131k tutmaya gidenler, dere kenar\u0131ndaki bir arazide topra\u011fa kaz\u0131lm\u0131\u015f bir odac\u0131k oldu\u011funu fark etti ve durumu \u00c7\u0131ld\u0131rlar Mahalle Muhtar\u0131 Halil Karata\u015f&#8217;a bildirdi. Karata\u015f&#8217;\u0131n haber vermesi \u00fczerine olay yerine gelen il\u00e7e jandarma ekipleri, s\u00f6z konusu yerde incelemelerde bulundu.<\/p>\n<p>Yeni kaz\u0131ld\u0131\u011f\u0131 tespit edilen a\u011fa\u00e7l\u0131k arazideki yap\u0131n\u0131n, 9 metrekare geni\u015fli\u011finde 1,5 metre y\u00fcksekli\u011finde oda \u015feklindeki oldu\u011fu belirlendi.<\/p>\n<p>\u00c7\u00f6kmemesi i\u00e7in tavan k\u0131sm\u0131 a\u011fa\u00e7larla desteklendi\u011fi anla\u015f\u0131lan yerde, po\u015fet, kazma, k\u00fcrek, su \u015fi\u015fesi, e\u015fofman gibi malzemeler bulundu.<\/p>\n<p>S\u00f6z konusu yerdeki incelemelerde, Akyaz\u0131 genelinde arama \u00e7al\u0131\u015fmalar\u0131 devam eden \u00d6ks\u00fcz&#8217;e ait bir izin olup olmad\u0131\u011f\u0131 konusunda herhangi bir a\u00e7\u0131klamada bulunulmad\u0131.<\/p>\n<p>Ankara&#8217;daki Ak\u0131nc\u0131 \u00dcss\u00fc&#8217;nde 16 Temmuz&#8217;da jandarma ekiplerince g\u00f6zalt\u0131na al\u0131nd\u0131ktan iki g\u00fcn sonra sevk edildi\u011fi Ankara Bat\u0131 Adliyesi Hakimi K\u00f6ksal \u00c7elik ve Asliye Ceza Hakimi \u00c7etin S\u00f6nmez taraf\u0131ndan serbest b\u0131rak\u0131lmas\u0131n\u0131n ard\u0131ndan hakk\u0131nda yakalama karar\u0131 \u00e7\u0131kar\u0131lan ve Fetullah\u00e7\u0131 Ter\u00f6r \u00d6rg\u00fct\u00fc&#8217;n\u00fcn (FET\u00d6) &#8220;hava kuvvetleri imam\u0131&#8221; oldu\u011fu ileri s\u00fcr\u00fclen Adil \u00d6ks\u00fcz&#8217;\u00fc, Sakarya&#8217;n\u0131n Akyaz\u0131 il\u00e7esinde ve Acelle Yaylas\u0131&#8217;nda arama \u00e7al\u0131\u015fmalar\u0131 s\u00fcr\u00fcyor.<\/p>\n<!-- Error, Advert is not available at this time due to schedule\/geolocation restrictions! -->\n","protected":false},"excerpt":{"rendered":"<p>Sakarya&#8217;da arama \u00e7al\u0131\u015fmalar\u0131 kapsam\u0131nda gelen ihbar\u0131 de\u011ferlendiren jandarma ekipleri, Akyaz\u0131 il\u00e7esinde dere kenar\u0131nda topra\u011fa kaz\u0131lan oda \u015feklindeki yap\u0131da incelemelerde bulundu. Sakarya&#8217;da, Fetullah\u00e7\u0131 Ter\u00f6r \u00d6rg\u00fct\u00fc&#8217;n\u00fcn (FET\u00d6) darbe giri\u015fimine ili\u015fkin soru\u015fturma kapsam\u0131nda Ak\u0131nc\u0131 \u00dcss\u00fc&#8217;nde g\u00f6zalt\u0131na al\u0131nd\u0131ktan sonra sal\u0131verilen Adil \u00d6ks\u00fcz&#8217;\u00fc arama \u00e7al\u0131\u015fmalar\u0131nda bir ihbar\u0131 de\u011ferlendiren Akyaz\u0131 il\u00e7e jandarma ekipleri, dere kenar\u0131nda topra\u011fa kaz\u0131lm\u0131\u015f olan oda \u015feklindeki yap\u0131da &hellip;<\/p>\n","protected":false},"author":4,"featured_media":238137,"comment_status":"open","ping_status":"open","sticky":false,"template":"","format":"standard","meta":{"_acf_changed":false,"footnotes":""},"categories":[6155,5005,6805],"tags":[207942,23927,202856],"class_list":["post-238136","post","type-post","status-publish","format-standard","has-post-thumbnail","hentry","category-gundem","category-manset","category-turkiye","tag-adil-oksuz","tag-akyazi","tag-feto"],"acf":[],"_links":{"self":[{"href":"https:\/\/www.nationalturk.com\/tr\/wp-json\/wp\/v2\/posts\/238136","targetHints":{"allow":["GET"]}}],"collection":[{"href":"https:\/\/www.nationalturk.com\/tr\/wp-json\/wp\/v2\/posts"}],"about":[{"href":"https:\/\/www.nationalturk.com\/tr\/wp-json\/wp\/v2\/types\/post"}],"author":[{"embeddable":true,"href":"https:\/\/www.nationalturk.com\/tr\/wp-json\/wp\/v2\/users\/4"}],"replies":[{"embeddable":true,"href":"https:\/\/www.nationalturk.com\/tr\/wp-json\/wp\/v2\/comments?post=238136"}],"version-history":[{"count":0,"href":"https:\/\/www.nationalturk.com\/tr\/wp-json\/wp\/v2\/posts\/238136\/revisions"}],"wp:featuredmedia":[{"embeddable":true,"href":"https:\/\/www.nationalturk.com\/tr\/wp-json\/wp\/v2\/media\/238137"}],"wp:attachment":[{"href":"https:\/\/www.nationalturk.com\/tr\/wp-json\/wp\/v2\/media?parent=238136"}],"wp:term":[{"taxonomy":"category","embeddable":true,"href":"https:\/\/www.nationalturk.com\/tr\/wp-json\/wp\/v2\/categories?post=238136"},{"taxonomy":"post_tag","embeddable":true,"href":"https:\/\/www.nationalturk.com\/tr\/wp-json\/wp\/v2\/tags?post=238136"}],"curies":[{"name":"wp","href":"https:\/\/api.w.org\/{rel}","templated":true}]}}