{"id":238179,"date":"2016-08-30T17:06:09","date_gmt":"2016-08-30T14:06:09","guid":{"rendered":"http:\/\/www.nationalturk.com\/?p=238179"},"modified":"2016-08-30T17:06:09","modified_gmt":"2016-08-30T14:06:09","slug":"turk-hakim-botla-yunanistana-kacti","status":"publish","type":"post","link":"https:\/\/www.nationalturk.com\/tr\/turk-hakim-botla-yunanistana-kacti\/","title":{"rendered":"T\u00fcrk hakim botla Yunanistan&#8217;a ka\u00e7t\u0131!"},"content":{"rendered":"<h1>Bir T\u00fcrk hakimin, yasa d\u0131\u015f\u0131 yollarla Yunanistan&#8217;\u0131n Sak\u0131z Adas\u0131&#8217;na ge\u00e7erek s\u0131\u011f\u0131nma talebinde bulundu\u011fu bildirildi.<\/h1>\n<p>Sak\u0131z Adas\u0131 Sahil G\u00fcvenlik biriminden edinilen bilgiye g\u00f6re, 50 ya\u015f\u0131ndaki hakim, sabah 06.00&#8217;da, 6 Suriyeli g\u00f6\u00e7meni ta\u015f\u0131yan bir botla adan\u0131n Aya Eleni sahiline vard\u0131.\u00a0Sahil G\u00fcvenlik ekiplerince merkeze getirilen hakimin, siyasi s\u0131\u011f\u0131nma talebinde bulunmak istedi\u011fi kaydedildi.<\/p>\n<p>Yetkililer hakimin, \u00fclkeye yasa d\u0131\u015f\u0131 giri\u015f yapmak su\u00e7lamas\u0131yla savc\u0131l\u0131\u011fa sevk edildi\u011fini belirtti.\u00a0Yunan bas\u0131n\u0131na g\u00f6re hakim, s\u0131\u011f\u0131nma talebi i\u015flemleri sebebiyle ba\u015fkent Atina&#8217;ya getirilecek.<\/p>\n<p>Per\u015fembe g\u00fcn\u00fc de 4&#8217;\u00fc Dedea\u011fa\u00e7, 3&#8217;\u00fc Rodos&#8217;tan olmak \u00fczere Fetullah\u00e7\u0131 Ter\u00f6r \u00d6rg\u00fct\u00fc (FET\u00d6) mensubu olduklar\u0131 tahmin edilen 7 T\u00fcrk vatanda\u015f\u0131, yasa d\u0131\u015f\u0131 yollardan \u00fclkeye giri\u015f yaparak s\u0131\u011f\u0131nma talebinde bulunmu\u015ftu.<\/p>\n<p>FET\u00d6&#8217;n\u00fcn 15 Temmuz darbe giri\u015fimi sonras\u0131 8 darbeci asker de Yunanistan&#8217;a ka\u00e7m\u0131\u015ft\u0131. T\u00fcrkiye&#8217;nin iadesini istedi\u011fi askerlerin iltica ba\u015fvurular\u0131 halen Yunan makamlar\u0131nca de\u011ferlendiriliyor.<\/p>\n<!-- Error, Advert is not available at this time due to schedule\/geolocation restrictions! -->\n","protected":false},"excerpt":{"rendered":"<p>Bir T\u00fcrk hakimin, yasa d\u0131\u015f\u0131 yollarla Yunanistan&#8217;\u0131n Sak\u0131z Adas\u0131&#8217;na ge\u00e7erek s\u0131\u011f\u0131nma talebinde bulundu\u011fu bildirildi. Sak\u0131z Adas\u0131 Sahil G\u00fcvenlik biriminden edinilen bilgiye g\u00f6re, 50 ya\u015f\u0131ndaki hakim, sabah 06.00&#8217;da, 6 Suriyeli g\u00f6\u00e7meni ta\u015f\u0131yan bir botla adan\u0131n Aya Eleni sahiline vard\u0131.\u00a0Sahil G\u00fcvenlik ekiplerince merkeze getirilen hakimin, siyasi s\u0131\u011f\u0131nma talebinde bulunmak istedi\u011fi kaydedildi. Yetkililer hakimin, \u00fclkeye yasa d\u0131\u015f\u0131 giri\u015f &hellip;<\/p>\n","protected":false},"author":4,"featured_media":238180,"comment_status":"open","ping_status":"open","sticky":false,"template":"","format":"standard","meta":{"_acf_changed":false,"footnotes":""},"categories":[6155,5005,349],"tags":[207515,172607,202856,1409,3546,1202],"class_list":["post-238179","post","type-post","status-publish","format-standard","has-post-thumbnail","hentry","category-gundem","category-manset","category-son-dakika","tag-15-temmuz","tag-darbe-girisimi","tag-feto","tag-rodos","tag-sakiz-adasi","tag-yunanistan"],"acf":[],"_links":{"self":[{"href":"https:\/\/www.nationalturk.com\/tr\/wp-json\/wp\/v2\/posts\/238179","targetHints":{"allow":["GET"]}}],"collection":[{"href":"https:\/\/www.nationalturk.com\/tr\/wp-json\/wp\/v2\/posts"}],"about":[{"href":"https:\/\/www.nationalturk.com\/tr\/wp-json\/wp\/v2\/types\/post"}],"author":[{"embeddable":true,"href":"https:\/\/www.nationalturk.com\/tr\/wp-json\/wp\/v2\/users\/4"}],"replies":[{"embeddable":true,"href":"https:\/\/www.nationalturk.com\/tr\/wp-json\/wp\/v2\/comments?post=238179"}],"version-history":[{"count":0,"href":"https:\/\/www.nationalturk.com\/tr\/wp-json\/wp\/v2\/posts\/238179\/revisions"}],"wp:featuredmedia":[{"embeddable":true,"href":"https:\/\/www.nationalturk.com\/tr\/wp-json\/wp\/v2\/media\/238180"}],"wp:attachment":[{"href":"https:\/\/www.nationalturk.com\/tr\/wp-json\/wp\/v2\/media?parent=238179"}],"wp:term":[{"taxonomy":"category","embeddable":true,"href":"https:\/\/www.nationalturk.com\/tr\/wp-json\/wp\/v2\/categories?post=238179"},{"taxonomy":"post_tag","embeddable":true,"href":"https:\/\/www.nationalturk.com\/tr\/wp-json\/wp\/v2\/tags?post=238179"}],"curies":[{"name":"wp","href":"https:\/\/api.w.org\/{rel}","templated":true}]}}