{"id":238415,"date":"2016-09-05T10:08:20","date_gmt":"2016-09-05T07:08:20","guid":{"rendered":"http:\/\/www.nationalturk.com\/?p=238415"},"modified":"2022-09-11T16:35:40","modified_gmt":"2022-09-11T13:35:40","slug":"kuzey-koreden-yine-fuze-denemesi","status":"publish","type":"post","link":"https:\/\/www.nationalturk.com\/tr\/kuzey-koreden-yine-fuze-denemesi\/","title":{"rendered":"Kuzey Kore&#8217;den yine f\u00fcze denemesi"},"content":{"rendered":"<h1>G\u00fcney Kore, Kuzey Kore&#8217;nin bat\u0131 k\u0131y\u0131s\u0131ndan 3 balistik f\u00fcze f\u0131rlatt\u0131\u011f\u0131n\u0131 duyurdu.<\/h1>\n<p>G\u00fcney Kore Genelkurmay Ba\u015fkanl\u0131\u011f\u0131ndan yap\u0131lan a\u00e7\u0131klamada, Kuzey Kore&#8217;nin \u00fclkenin bat\u0131s\u0131ndaki Hwangju kentinden 3 balistik f\u00fcze f\u0131rlatt\u0131\u011f\u0131, f\u00fczelerin \u00fclkenin do\u011fu k\u0131y\u0131s\u0131na d\u00fc\u015ft\u00fc\u011f\u00fc belirtildi.<\/p>\n<p>A\u00e7\u0131klamada, f\u00fczelerin menziline dair bilgi verilmedi.<\/p>\n<p>Kuzey Kore, 24 A\u011fustos&#8217;ta da bir denizalt\u0131dan 500 kilometre menzilli bir f\u00fcze f\u0131rlatm\u0131\u015ft\u0131.<\/p>\n<!-- Error, Advert is not available at this time due to schedule\/geolocation restrictions! -->\n","protected":false},"excerpt":{"rendered":"<p>G\u00fcney Kore, Kuzey Kore&#8217;nin bat\u0131 k\u0131y\u0131s\u0131ndan 3 balistik f\u00fcze f\u0131rlatt\u0131\u011f\u0131n\u0131 duyurdu. G\u00fcney Kore Genelkurmay Ba\u015fkanl\u0131\u011f\u0131ndan yap\u0131lan a\u00e7\u0131klamada, Kuzey Kore&#8217;nin \u00fclkenin bat\u0131s\u0131ndaki Hwangju kentinden 3 balistik f\u00fcze f\u0131rlatt\u0131\u011f\u0131, f\u00fczelerin \u00fclkenin do\u011fu k\u0131y\u0131s\u0131na d\u00fc\u015ft\u00fc\u011f\u00fc belirtildi. A\u00e7\u0131klamada, f\u00fczelerin menziline dair bilgi verilmedi. Kuzey Kore, 24 A\u011fustos&#8217;ta da bir denizalt\u0131dan 500 kilometre menzilli bir f\u00fcze f\u0131rlatm\u0131\u015ft\u0131.<\/p>\n","protected":false},"author":4,"featured_media":238416,"comment_status":"open","ping_status":"open","sticky":false,"template":"","format":"standard","meta":{"_acf_changed":false,"footnotes":""},"categories":[6769,6665,6155,5005,6202,220816],"tags":[3967,5622,95969,55202,14730],"class_list":["post-238415","post","type-post","status-publish","format-standard","has-post-thumbnail","hentry","category-asya","category-dunya","category-gundem","category-manset","category-politika","category-uzak-dogu","tag-guney-kore","tag-kuzey-kore","tag-kuzey-kore-fuze","tag-kuzey-kore-guney-kore","tag-pyongyang"],"acf":[],"_links":{"self":[{"href":"https:\/\/www.nationalturk.com\/tr\/wp-json\/wp\/v2\/posts\/238415","targetHints":{"allow":["GET"]}}],"collection":[{"href":"https:\/\/www.nationalturk.com\/tr\/wp-json\/wp\/v2\/posts"}],"about":[{"href":"https:\/\/www.nationalturk.com\/tr\/wp-json\/wp\/v2\/types\/post"}],"author":[{"embeddable":true,"href":"https:\/\/www.nationalturk.com\/tr\/wp-json\/wp\/v2\/users\/4"}],"replies":[{"embeddable":true,"href":"https:\/\/www.nationalturk.com\/tr\/wp-json\/wp\/v2\/comments?post=238415"}],"version-history":[{"count":0,"href":"https:\/\/www.nationalturk.com\/tr\/wp-json\/wp\/v2\/posts\/238415\/revisions"}],"wp:featuredmedia":[{"embeddable":true,"href":"https:\/\/www.nationalturk.com\/tr\/wp-json\/wp\/v2\/media\/238416"}],"wp:attachment":[{"href":"https:\/\/www.nationalturk.com\/tr\/wp-json\/wp\/v2\/media?parent=238415"}],"wp:term":[{"taxonomy":"category","embeddable":true,"href":"https:\/\/www.nationalturk.com\/tr\/wp-json\/wp\/v2\/categories?post=238415"},{"taxonomy":"post_tag","embeddable":true,"href":"https:\/\/www.nationalturk.com\/tr\/wp-json\/wp\/v2\/tags?post=238415"}],"curies":[{"name":"wp","href":"https:\/\/api.w.org\/{rel}","templated":true}]}}