{"id":238551,"date":"2016-09-07T10:17:29","date_gmt":"2016-09-07T07:17:29","guid":{"rendered":"http:\/\/www.nationalturk.com\/?p=238551"},"modified":"2016-09-07T10:17:29","modified_gmt":"2016-09-07T07:17:29","slug":"tskda-73-ihrac-daha","status":"publish","type":"post","link":"https:\/\/www.nationalturk.com\/tr\/tskda-73-ihrac-daha\/","title":{"rendered":"TSK&#8217;da 73 ihra\u00e7 daha"},"content":{"rendered":"<h1>Milli Savunma Bakanl\u0131\u011f\u0131, soru\u015fturma kapsam\u0131nda Hava Kuvvetleri Komutanl\u0131\u011f\u0131ndan (HKK) 73 askeri personelin daha T\u00fcrk Silahl\u0131 Kuvvetleri (TSK) ile ili\u015fkisinin kesildi\u011fini bildirdi.<\/h1>\n<p>Bakanl\u0131\u011f\u0131n resmi Twitter hesab\u0131ndan, konuya ili\u015fkin a\u00e7\u0131klama yap\u0131ld\u0131.<\/p>\n<p>Fetullah\u00e7\u0131 Ter\u00f6r \u00d6rg\u00fct\u00fc (FET\u00d6) soru\u015fturmas\u0131 kapsam\u0131nda HKK&#8217;dan 73 askeri personelin daha TSK ile ili\u015fkisinin kesildi\u011fi belirtilen a\u00e7\u0131klamada, &#8220;Personel ihra\u00e7lar\u0131 azami hassasiyet g\u00f6sterilerek yap\u0131l\u0131yor. \u00dclkesiyle, milletine ba\u011fl\u0131 kahraman askerlerimiz g\u00f6revlerini ba\u015far\u0131yla s\u00fcrd\u00fcr\u00fcyor. Ordumuz, FET\u00d6&#8217;c\u00fc hainlerden temizlendik\u00e7e \u00e7ok daha g\u00fc\u00e7lenerek milletimizin hizmetine devam ediyor.&#8221; ifadeleri kullan\u0131ld\u0131.<\/p>\n<!-- Error, Advert is not available at this time due to schedule\/geolocation restrictions! -->\n","protected":false},"excerpt":{"rendered":"<p>Milli Savunma Bakanl\u0131\u011f\u0131, soru\u015fturma kapsam\u0131nda Hava Kuvvetleri Komutanl\u0131\u011f\u0131ndan (HKK) 73 askeri personelin daha T\u00fcrk Silahl\u0131 Kuvvetleri (TSK) ile ili\u015fkisinin kesildi\u011fini bildirdi. Bakanl\u0131\u011f\u0131n resmi Twitter hesab\u0131ndan, konuya ili\u015fkin a\u00e7\u0131klama yap\u0131ld\u0131. Fetullah\u00e7\u0131 Ter\u00f6r \u00d6rg\u00fct\u00fc (FET\u00d6) soru\u015fturmas\u0131 kapsam\u0131nda HKK&#8217;dan 73 askeri personelin daha TSK ile ili\u015fkisinin kesildi\u011fi belirtilen a\u00e7\u0131klamada, &#8220;Personel ihra\u00e7lar\u0131 azami hassasiyet g\u00f6sterilerek yap\u0131l\u0131yor. \u00dclkesiyle, milletine ba\u011fl\u0131 &hellip;<\/p>\n","protected":false},"author":4,"featured_media":238552,"comment_status":"open","ping_status":"open","sticky":false,"template":"","format":"standard","meta":{"_acf_changed":false,"footnotes":""},"categories":[6155,5005,349,6805],"tags":[202856,14200,9460,207985,11757],"class_list":["post-238551","post","type-post","status-publish","format-standard","has-post-thumbnail","hentry","category-gundem","category-manset","category-son-dakika","category-turkiye","tag-feto","tag-milli-savunma-bakanligi","tag-tsk","tag-tsk-ihrac","tag-turk-silahli-kuvvetleri"],"acf":[],"_links":{"self":[{"href":"https:\/\/www.nationalturk.com\/tr\/wp-json\/wp\/v2\/posts\/238551","targetHints":{"allow":["GET"]}}],"collection":[{"href":"https:\/\/www.nationalturk.com\/tr\/wp-json\/wp\/v2\/posts"}],"about":[{"href":"https:\/\/www.nationalturk.com\/tr\/wp-json\/wp\/v2\/types\/post"}],"author":[{"embeddable":true,"href":"https:\/\/www.nationalturk.com\/tr\/wp-json\/wp\/v2\/users\/4"}],"replies":[{"embeddable":true,"href":"https:\/\/www.nationalturk.com\/tr\/wp-json\/wp\/v2\/comments?post=238551"}],"version-history":[{"count":0,"href":"https:\/\/www.nationalturk.com\/tr\/wp-json\/wp\/v2\/posts\/238551\/revisions"}],"wp:featuredmedia":[{"embeddable":true,"href":"https:\/\/www.nationalturk.com\/tr\/wp-json\/wp\/v2\/media\/238552"}],"wp:attachment":[{"href":"https:\/\/www.nationalturk.com\/tr\/wp-json\/wp\/v2\/media?parent=238551"}],"wp:term":[{"taxonomy":"category","embeddable":true,"href":"https:\/\/www.nationalturk.com\/tr\/wp-json\/wp\/v2\/categories?post=238551"},{"taxonomy":"post_tag","embeddable":true,"href":"https:\/\/www.nationalturk.com\/tr\/wp-json\/wp\/v2\/tags?post=238551"}],"curies":[{"name":"wp","href":"https:\/\/api.w.org\/{rel}","templated":true}]}}