{"id":238624,"date":"2016-09-08T11:32:38","date_gmt":"2016-09-08T08:32:38","guid":{"rendered":"http:\/\/www.nationalturk.com\/?p=238624"},"modified":"2016-09-08T11:32:38","modified_gmt":"2016-09-08T08:32:38","slug":"eski-bakan-hayatini-kaybetti","status":"publish","type":"post","link":"https:\/\/www.nationalturk.com\/tr\/eski-bakan-hayatini-kaybetti\/","title":{"rendered":"Eski bakan hayat\u0131n\u0131 kaybetti"},"content":{"rendered":"<h1>Din alimlerinden S\u00fcleyman Hilmi Tunahan&#8217;\u0131n torunu, eski ula\u015ft\u0131rma bakanlar\u0131ndan Arif Ahmet Denizolgun, 61 ya\u015f\u0131nda vefat etti.<\/h1>\n<p>Al\u0131nan bilgiye g\u00f6re, gece Beykoz&#8217;daki evinde beyin kanamas\u0131 ge\u00e7iren Denizolgun, hastaneye g\u00f6t\u00fcr\u00fcl\u00fcrken yolda ya\u015fam\u0131n\u0131 yitirdi.<\/p>\n<p>S\u00fcleyman Hilmi Tunahan&#8217;\u0131n torunu Denizolgun, 1998-1999 y\u0131llar\u0131nda ula\u015ft\u0131rma bakanl\u0131\u011f\u0131 g\u00f6revinde bulundu.<\/p>\n<!-- Error, Advert is not available at this time due to schedule\/geolocation restrictions! -->\n","protected":false},"excerpt":{"rendered":"<p>Din alimlerinden S\u00fcleyman Hilmi Tunahan&#8217;\u0131n torunu, eski ula\u015ft\u0131rma bakanlar\u0131ndan Arif Ahmet Denizolgun, 61 ya\u015f\u0131nda vefat etti. Al\u0131nan bilgiye g\u00f6re, gece Beykoz&#8217;daki evinde beyin kanamas\u0131 ge\u00e7iren Denizolgun, hastaneye g\u00f6t\u00fcr\u00fcl\u00fcrken yolda ya\u015fam\u0131n\u0131 yitirdi. S\u00fcleyman Hilmi Tunahan&#8217;\u0131n torunu Denizolgun, 1998-1999 y\u0131llar\u0131nda ula\u015ft\u0131rma bakanl\u0131\u011f\u0131 g\u00f6revinde bulundu.<\/p>\n","protected":false},"author":4,"featured_media":238625,"comment_status":"open","ping_status":"open","sticky":false,"template":"","format":"standard","meta":{"_acf_changed":false,"footnotes":""},"categories":[6155,5005,6202,349],"tags":[10093],"class_list":["post-238624","post","type-post","status-publish","format-standard","has-post-thumbnail","hentry","category-gundem","category-manset","category-politika","category-son-dakika","tag-beykoz"],"acf":[],"_links":{"self":[{"href":"https:\/\/www.nationalturk.com\/tr\/wp-json\/wp\/v2\/posts\/238624","targetHints":{"allow":["GET"]}}],"collection":[{"href":"https:\/\/www.nationalturk.com\/tr\/wp-json\/wp\/v2\/posts"}],"about":[{"href":"https:\/\/www.nationalturk.com\/tr\/wp-json\/wp\/v2\/types\/post"}],"author":[{"embeddable":true,"href":"https:\/\/www.nationalturk.com\/tr\/wp-json\/wp\/v2\/users\/4"}],"replies":[{"embeddable":true,"href":"https:\/\/www.nationalturk.com\/tr\/wp-json\/wp\/v2\/comments?post=238624"}],"version-history":[{"count":0,"href":"https:\/\/www.nationalturk.com\/tr\/wp-json\/wp\/v2\/posts\/238624\/revisions"}],"wp:featuredmedia":[{"embeddable":true,"href":"https:\/\/www.nationalturk.com\/tr\/wp-json\/wp\/v2\/media\/238625"}],"wp:attachment":[{"href":"https:\/\/www.nationalturk.com\/tr\/wp-json\/wp\/v2\/media?parent=238624"}],"wp:term":[{"taxonomy":"category","embeddable":true,"href":"https:\/\/www.nationalturk.com\/tr\/wp-json\/wp\/v2\/categories?post=238624"},{"taxonomy":"post_tag","embeddable":true,"href":"https:\/\/www.nationalturk.com\/tr\/wp-json\/wp\/v2\/tags?post=238624"}],"curies":[{"name":"wp","href":"https:\/\/api.w.org\/{rel}","templated":true}]}}