{"id":238677,"date":"2016-09-09T12:02:48","date_gmt":"2016-09-09T09:02:48","guid":{"rendered":"http:\/\/www.nationalturk.com\/?p=238677"},"modified":"2016-09-09T12:02:48","modified_gmt":"2016-09-09T09:02:48","slug":"eylem-yaptilar-diye-12-milletvekiline-fezleke","status":"publish","type":"post","link":"https:\/\/www.nationalturk.com\/tr\/eylem-yaptilar-diye-12-milletvekiline-fezleke\/","title":{"rendered":"Eylem yapt\u0131lar diye 12 milletvekiline fezleke!"},"content":{"rendered":"<h1>\u0130stanbul Cumhuriyet Ba\u015fsavc\u0131l\u0131\u011f\u0131, Can D\u00fcndar ve Erdem G\u00fcl&#8217;\u00fcn &#8220;gizli bilgileri a\u00e7\u0131klama&#8221; davas\u0131n\u0131n kapal\u0131 duru\u015fmas\u0131 i\u00e7in geldikleri adliyede yap\u0131lan yasa d\u0131\u015f\u0131 g\u00f6steriye kat\u0131ld\u0131klar\u0131 iddias\u0131yla 12 milletvekili hakk\u0131nda fezleke d\u00fczenledi.<\/h1>\n<p>\u0130stanbul Cumhuriyet Ba\u015fsavc\u0131l\u0131\u011f\u0131, Can D\u00fcndar ve Erdem G\u00fcl&#8217;\u00fcn, M\u0130T&#8217;e ait yard\u0131m t\u0131rlar\u0131n\u0131n durdurulmas\u0131 olay\u0131na ili\u015fkin gizli kalmas\u0131 gereken bilgi ve foto\u011fraflara Cumhuriyet gazetesinde yer verdikleri gerek\u00e7esiyle yarg\u0131land\u0131klar\u0131 davan\u0131n kapal\u0131 duru\u015fmas\u0131 s\u0131ras\u0131nda adliyede yasa d\u0131\u015f\u0131 g\u00f6steriye kat\u0131ld\u0131klar\u0131 iddias\u0131yla 12 milletvekili hakk\u0131nda fezleke haz\u0131rlad\u0131.<\/p>\n<p>\u0130stanbul Cumhuriyet Ba\u015fsavc\u0131vekili Selamettin Celep taraf\u0131ndan CHP milletvekilleri Enis Berbero\u011flu, G\u00fcrsel Tekin, \u015eafak Pavey, Mahmut Tanal, Bar\u0131\u015f Yarkada\u015f, \u0130lhan Cihaner, Hilmi Yaray\u0131c\u0131, Tuncay \u00d6zkan, Engin \u00d6zko\u00e7 ile HDP milletvekilleri Garo Paylan, Filiz Kerestecio\u011flu ve Meral Dan\u0131\u015f Be\u015fta\u015f hakk\u0131nda, Can D\u00fcndar ve Erdem G\u00fcl&#8217;\u00fcn yarg\u0131land\u0131\u011f\u0131 davan\u0131n duru\u015fmas\u0131na, kapal\u0131 yap\u0131lma karar\u0131 al\u0131nmas\u0131na ra\u011fmen gelerek, \u0130stanbul Adalet Saray\u0131&#8217;nda 2911 say\u0131l\u0131 Toplant\u0131 ve G\u00f6steri Y\u00fcr\u00fcy\u00fc\u015fleri Kanunu&#8217;na muhalefet ettikleri gerek\u00e7esiyle fezleke d\u00fczenlendi.<\/p>\n<p>Fezleke, soru\u015fturma izni i\u00e7in TBMM&#8217;ye g\u00f6nderildi.<\/p>\n<p>Can D\u00fcndar ve Erdem G\u00fcl&#8217;\u00fcn yarg\u0131land\u0131\u011f\u0131 davada, gizlilik karar\u0131 getirilmesi talep edilmi\u015f, bu talep \u0130stanbul 14. A\u011f\u0131r Ceza Mahkemesi&#8217;nde kabul edilmi\u015fti. Salondan ayr\u0131lmayan milletvekilleri hakk\u0131nda su\u00e7 duyurusunda bulunulmas\u0131 kararla\u015ft\u0131r\u0131lm\u0131\u015ft\u0131.<\/p>\n<!-- Error, Advert is not available at this time due to schedule\/geolocation restrictions! -->\n","protected":false},"excerpt":{"rendered":"<p>\u0130stanbul Cumhuriyet Ba\u015fsavc\u0131l\u0131\u011f\u0131, Can D\u00fcndar ve Erdem G\u00fcl&#8217;\u00fcn &#8220;gizli bilgileri a\u00e7\u0131klama&#8221; davas\u0131n\u0131n kapal\u0131 duru\u015fmas\u0131 i\u00e7in geldikleri adliyede yap\u0131lan yasa d\u0131\u015f\u0131 g\u00f6steriye kat\u0131ld\u0131klar\u0131 iddias\u0131yla 12 milletvekili hakk\u0131nda fezleke d\u00fczenledi. \u0130stanbul Cumhuriyet Ba\u015fsavc\u0131l\u0131\u011f\u0131, Can D\u00fcndar ve Erdem G\u00fcl&#8217;\u00fcn, M\u0130T&#8217;e ait yard\u0131m t\u0131rlar\u0131n\u0131n durdurulmas\u0131 olay\u0131na ili\u015fkin gizli kalmas\u0131 gereken bilgi ve foto\u011fraflara Cumhuriyet gazetesinde yer verdikleri gerek\u00e7esiyle yarg\u0131land\u0131klar\u0131 &hellip;<\/p>\n","protected":false},"author":4,"featured_media":238678,"comment_status":"open","ping_status":"open","sticky":false,"template":"","format":"standard","meta":{"_acf_changed":false,"footnotes":""},"categories":[6155,5005,6202,349],"tags":[187696,13755,8723,182799,72741,12795,199164,200152,1709,146668,16196,57136,15031,74956,18638],"class_list":["post-238677","post","type-post","status-publish","format-standard","has-post-thumbnail","hentry","category-gundem","category-manset","category-politika","category-son-dakika","tag-baris-yarkadas","tag-can-dundar","tag-chp","tag-chp-fezleke","tag-engin-ozkoc","tag-enis-berberoglu","tag-erdem-gul","tag-garo-paylan","tag-gursel-tekin","tag-hdp","tag-ilhan-cihaner","tag-mahmut-tanal","tag-meral-danis-bestas","tag-safak-pavey","tag-tuncay-ozkan"],"acf":[],"_links":{"self":[{"href":"https:\/\/www.nationalturk.com\/tr\/wp-json\/wp\/v2\/posts\/238677","targetHints":{"allow":["GET"]}}],"collection":[{"href":"https:\/\/www.nationalturk.com\/tr\/wp-json\/wp\/v2\/posts"}],"about":[{"href":"https:\/\/www.nationalturk.com\/tr\/wp-json\/wp\/v2\/types\/post"}],"author":[{"embeddable":true,"href":"https:\/\/www.nationalturk.com\/tr\/wp-json\/wp\/v2\/users\/4"}],"replies":[{"embeddable":true,"href":"https:\/\/www.nationalturk.com\/tr\/wp-json\/wp\/v2\/comments?post=238677"}],"version-history":[{"count":0,"href":"https:\/\/www.nationalturk.com\/tr\/wp-json\/wp\/v2\/posts\/238677\/revisions"}],"wp:featuredmedia":[{"embeddable":true,"href":"https:\/\/www.nationalturk.com\/tr\/wp-json\/wp\/v2\/media\/238678"}],"wp:attachment":[{"href":"https:\/\/www.nationalturk.com\/tr\/wp-json\/wp\/v2\/media?parent=238677"}],"wp:term":[{"taxonomy":"category","embeddable":true,"href":"https:\/\/www.nationalturk.com\/tr\/wp-json\/wp\/v2\/categories?post=238677"},{"taxonomy":"post_tag","embeddable":true,"href":"https:\/\/www.nationalturk.com\/tr\/wp-json\/wp\/v2\/tags?post=238677"}],"curies":[{"name":"wp","href":"https:\/\/api.w.org\/{rel}","templated":true}]}}