{"id":238696,"date":"2016-09-09T17:07:22","date_gmt":"2016-09-09T14:07:22","guid":{"rendered":"http:\/\/www.nationalturk.com\/?p=238696"},"modified":"2016-09-09T17:07:22","modified_gmt":"2016-09-09T14:07:22","slug":"son-dakika-bir-tankimizin-isabet-aldigi-bilgisi-var","status":"publish","type":"post","link":"https:\/\/www.nationalturk.com\/tr\/son-dakika-bir-tankimizin-isabet-aldigi-bilgisi-var\/","title":{"rendered":"Son Dakika! &#8220;Bir tank\u0131m\u0131z\u0131n isabet ald\u0131\u011f\u0131 bilgisi var&#8221;"},"content":{"rendered":"<h1>Ba\u015fbakan Binali Y\u0131ld\u0131r\u0131m &#8220;Suriye&#8217;de bir tank\u0131m\u0131z\u0131n isabet ald\u0131\u011f\u0131 bilgisi var ancak teyit edilmedi&#8221; dedi.<\/h1>\n<p>Binali\u00a0Y\u0131ld\u0131r\u0131m, AKP MYK toplant\u0131s\u0131 \u00f6ncesi gazetecilerin sorular\u0131n\u0131 yan\u0131tlad\u0131. Y\u0131ld\u0131r\u0131m Kurban Bayram\u0131 i\u00e7in kutlama mesaj\u0131n\u0131 verirken, \u201cPazartesi g\u00fcn\u00fcnden itibaren Kurban Bayram\u0131\u2019n\u0131 idrak edece\u011fiz. B\u00fct\u00fcn milletimizin bayram\u0131n\u0131 tebrik ediyorum. Bayram\u0131nda birlik, beraberli\u011fe katk\u0131 sa\u011flamas\u0131n\u0131 niyaz ediyorum\u201d dedi.<\/p>\n<p>Ba\u015fbakan Binali Y\u0131ld\u0131r\u0131m, bir gazetecinin \u201cF\u0131rat Kalkan\u0131 operasyonunda \u015fehit haberleri iddialar\u0131 var\u201d y\u00f6n\u00fcndeki sorusu \u00fczerine, \u201cBir tank\u0131n hedef al\u0131nd\u0131\u011f\u0131 bilgisi var. Teyit edilmesi gerek\u201d dedi.<\/p>\n<p>Ba\u015fbakan Y\u0131ld\u0131r\u0131m, F\u0131rat Kalkan\u0131 operasyonu \u00e7er\u00e7evesinde T\u00fcrkiye\u2019nin amac\u0131n\u0131n g\u00fcney s\u0131n\u0131r\u0131n\u0131 emniyet alt\u0131na olmak oldu\u011funu belirterek \u015funlar\u0131 s\u00f6yledi:<\/p>\n<p>\u201cCerablus\u2019taki i\u015fimiz, \u00fclkemizin g\u00fcney hudutlar\u0131n\u0131 g\u00fcvenlik alt\u0131na almak. Ba\u015fta DAE\u015e olmak \u00fczere ter\u00f6r unsurlar\u0131 b\u00f6lgelere roket, f\u00fcze g\u00f6nderiyorlar, ate\u015f ediyorlar. 29 civar\u0131nda vatanda\u015f\u0131m\u0131z bu \u015fekilde hayat\u0131n\u0131 kaybetti. Gaziantep\u2019teki sald\u0131r\u0131da da 56 vatanda\u015f\u0131m\u0131z hayat\u0131n\u0131 kaybetti. \u00d6SO\u2019ya destek vermek suretiyle operasyona ba\u015flad\u0131k. Bu operasyonun amac\u0131 Suriye\u2019nin toprak b\u00fct\u00fcnl\u00fc\u011f\u00fcn\u00fc veya yap\u0131s\u0131n\u0131 de\u011fi\u015ftirmek de\u011fil, \u00fclkemizin g\u00fcney s\u0131n\u0131rlar\u0131n\u0131 emniyet alt\u0131na almak ve vatanda\u015f\u0131m\u0131z\u0131n can ve mal g\u00fcvenli\u011fini sa\u011flamak. Bu operasyonlar sadece DAE\u015e\u2019e kar\u015f\u0131 de\u011fil YPG, PYD\u2019ye kar\u015f\u0131 da devam edecek.\u201dArkada\u015flar \u00fclkemizin g\u00fcney hudutlar\u0131n\u0131 emniyete almaya \u00e7al\u0131\u015f\u0131yoruz. Ba\u015fta DEA\u015e olmak \u00fczere ter\u00f6r gruplar\u0131 s\u0131n\u0131rlar\u0131m\u0131z\u0131n i\u00e7erisindeki b\u00f6lgelere roket g\u00f6nderiyorlar, f\u00fcze g\u00f6nderiyor. \u015eu ana kadar 129 kadar vatanda\u015f\u0131m\u0131z hayat\u0131n\u0131 kaybetti, Gaziantep\u2019te 54 vatanda\u015f\u0131m\u0131z hayat\u0131n\u0131 kaybetti. Bu operasyonun amac\u0131 Suriye\u2019nin toprak b\u00fct\u00fcnl\u00fc\u011f\u00fcn\u00fc veya yap\u0131s\u0131n\u0131 de\u011fi\u015ftirmek de\u011fil, \u00fclkemizin g\u00fcney s\u0131n\u0131rlar\u0131n\u0131 emniyet alt\u0131na almak, vatanda\u015flar\u0131m\u0131z\u0131n da can ve mal g\u00fcvenli\u011fini sa\u011flamak. Bu iki hususu y\u00fczde y\u00fcz sa\u011flayana kadar buradaki operasyonlar\u0131m\u0131z di\u011fer ter\u00f6r gruplar\u0131na da devam edecek.&#8221;<\/p>\n<!-- Error, Advert is not available at this time due to schedule\/geolocation restrictions! -->\n","protected":false},"excerpt":{"rendered":"<p>Ba\u015fbakan Binali Y\u0131ld\u0131r\u0131m &#8220;Suriye&#8217;de bir tank\u0131m\u0131z\u0131n isabet ald\u0131\u011f\u0131 bilgisi var ancak teyit edilmedi&#8221; dedi. Binali\u00a0Y\u0131ld\u0131r\u0131m, AKP MYK toplant\u0131s\u0131 \u00f6ncesi gazetecilerin sorular\u0131n\u0131 yan\u0131tlad\u0131. Y\u0131ld\u0131r\u0131m Kurban Bayram\u0131 i\u00e7in kutlama mesaj\u0131n\u0131 verirken, \u201cPazartesi g\u00fcn\u00fcnden itibaren Kurban Bayram\u0131\u2019n\u0131 idrak edece\u011fiz. B\u00fct\u00fcn milletimizin bayram\u0131n\u0131 tebrik ediyorum. Bayram\u0131nda birlik, beraberli\u011fe katk\u0131 sa\u011flamas\u0131n\u0131 niyaz ediyorum\u201d dedi. Ba\u015fbakan Binali Y\u0131ld\u0131r\u0131m, bir gazetecinin \u201cF\u0131rat &hellip;<\/p>\n","protected":false},"author":4,"featured_media":238697,"comment_status":"open","ping_status":"open","sticky":false,"template":"","format":"standard","meta":{"_acf_changed":false,"footnotes":""},"categories":[763],"tags":[1079,209108,27382,806],"class_list":["post-238696","post","type-post","status-publish","format-standard","has-post-thumbnail","hentry","category-gunun-olayi","tag-binali-yildirim","tag-cerablus","tag-son-dakika","tag-suriye"],"acf":[],"_links":{"self":[{"href":"https:\/\/www.nationalturk.com\/tr\/wp-json\/wp\/v2\/posts\/238696","targetHints":{"allow":["GET"]}}],"collection":[{"href":"https:\/\/www.nationalturk.com\/tr\/wp-json\/wp\/v2\/posts"}],"about":[{"href":"https:\/\/www.nationalturk.com\/tr\/wp-json\/wp\/v2\/types\/post"}],"author":[{"embeddable":true,"href":"https:\/\/www.nationalturk.com\/tr\/wp-json\/wp\/v2\/users\/4"}],"replies":[{"embeddable":true,"href":"https:\/\/www.nationalturk.com\/tr\/wp-json\/wp\/v2\/comments?post=238696"}],"version-history":[{"count":0,"href":"https:\/\/www.nationalturk.com\/tr\/wp-json\/wp\/v2\/posts\/238696\/revisions"}],"wp:featuredmedia":[{"embeddable":true,"href":"https:\/\/www.nationalturk.com\/tr\/wp-json\/wp\/v2\/media\/238697"}],"wp:attachment":[{"href":"https:\/\/www.nationalturk.com\/tr\/wp-json\/wp\/v2\/media?parent=238696"}],"wp:term":[{"taxonomy":"category","embeddable":true,"href":"https:\/\/www.nationalturk.com\/tr\/wp-json\/wp\/v2\/categories?post=238696"},{"taxonomy":"post_tag","embeddable":true,"href":"https:\/\/www.nationalturk.com\/tr\/wp-json\/wp\/v2\/tags?post=238696"}],"curies":[{"name":"wp","href":"https:\/\/api.w.org\/{rel}","templated":true}]}}