{"id":23887,"date":"2010-05-18T16:43:29","date_gmt":"2010-05-18T14:43:29","guid":{"rendered":"http:\/\/www.nationalturk.com\/?p=23887"},"modified":"2010-05-18T16:50:22","modified_gmt":"2010-05-18T14:50:22","slug":"fifadan-bursaspora-ovgu-6874091","status":"publish","type":"post","link":"https:\/\/www.nationalturk.com\/tr\/fifadan-bursaspora-ovgu-6874091\/","title":{"rendered":"FIFA Bursaspor&#8217;un ba\u015far\u0131s\u0131n\u0131 man\u015fete \u00e7\u0131kard\u0131"},"content":{"rendered":"<p><strong><a href=\"http:\/\/www.nationalturk.com\/tr\/wp-content\/uploads\/2010\/05\/bursaspor1.nationalturk.jpeg\"><img loading=\"lazy\" decoding=\"async\" class=\"alignleft size-medium wp-image-23890\" src=\"http:\/\/www.nationalturk.com\/tr\/wp-content\/uploads\/2010\/05\/bursaspor1.nationalturk-e1274193705110-280x150.jpg\" alt=\"\" width=\"280\" height=\"150\" title=\"\" srcset=\"https:\/\/www.nationalturk.com\/tr\/wp-content\/uploads\/2010\/05\/bursaspor1.nationalturk-e1274193705110-280x150.jpg 280w, https:\/\/www.nationalturk.com\/tr\/wp-content\/uploads\/2010\/05\/bursaspor1.nationalturk-e1274193705110.jpeg 487w\" sizes=\"auto, (max-width: 280px) 100vw, 280px\" \/><\/a>Uluslararas\u0131 Futbol Federasyonlar\u0131 Birli\u011fi (FIFA), Bursaspor&#8217;u man\u015fete ta\u015f\u0131d\u0131. Bursaspor &#8220;T\u00fcrkiye&#8217;nin \u00fc\u00e7 b\u00fcy\u00fc\u011f\u00fcn\u00fc \u015fok etti&#8221; ba\u015fl\u0131\u011f\u0131yla verilen haberde Bursaspor&#8217;un tarihi ba\u015far\u0131s\u0131 \u00f6v\u00fcld\u00fc.<\/strong><\/p>\n<p>Haber yorumda, &#8220;T\u00fcrkiye S\u00fcper Ligi&#8217;nde \u00e7o\u011fu ki\u015fi yine ayn\u0131 \u015fekilde sona erece\u011fini d\u00fc\u015f\u00fcn\u00fcyordu. \u0130stanbul d\u0131\u015f\u0131nda ligi kazan tek ekibin Trabzonspor olaca\u011f\u0131 bekleniyordu. Ancak pazar g\u00fcnk\u00fc ma\u00e7lar sonras\u0131 Marmara B\u00f6lgesi&#8217;nin &#8220;Ye\u015fil Timsahlar\u0131&#8221; b\u00fcy\u00fck bir hayal k\u0131r\u0131kl\u0131\u011f\u0131 yaratt\u0131lar. Son haftaya ikinci giren Bursaspor, Be\u015fikta\u015f&#8217;\u0131 2-1 yenerek, ligi \u015fampiyon tamamlad\u0131 ve 1986&#8217;daki T\u00fcrkiye Kupas\u0131 \u015fampiyonlu\u011funun ard\u0131ndan lig \u015fampiyonluk kupas\u0131n\u0131 kazand\u0131&#8221; denildi.<\/p>\n<p>BURSASPOR 26 YIL SONRA DEVR\u0130M YAPTI<\/p>\n<p>1984&#8217;ten beri ilk kez \u0130stanbul d\u0131\u015f\u0131nda bir kul\u00fcb\u00fcn \u015fampiyonlu\u011fa ula\u015ft\u0131\u011f\u0131na dikkat \u00e7ekilen yorumda, &#8220;Bo\u011faz\u2019\u0131n \u00fc\u00e7 tak\u0131m\u0131n\u0131n 44 \u015fampiyonlu\u011fu aralar\u0131nda payla\u015fma \u00f6v\u00fcnmesi Trabzonspor\u2019un alt\u0131n jenerasyonunun 1976-84 aras\u0131ndaki alt\u0131 \u015fampiyonlukla sona ermesinden sonra Bursaspor da ayn\u0131 ba\u015far\u0131y\u0131 ger\u00e7ekle\u015ftirdi&#8221; ifadesi kullan\u0131ld\u0131.\u00a0Haberde Ertu\u011frul Sa\u011flam\u2019\u0131n &#8220;\u0130nan\u0131lmaz&#8221; ifadeleri ba\u015fta olmak \u00fczere \u015fampiyonlukla ilgili di\u011fer yorumlar\u0131 yer al\u0131rken, Kas\u0131mpa\u015fa Teknik Direkt\u00f6r\u00fc Y\u0131lmaz Vural\u2019\u0131n kas\u0131m ay\u0131nda Bursaspor i\u00e7in &#8220;\u015eampiyon gibi oynuyorlar&#8221;. \u00a0Kas\u0131mpa\u015fa Futbol \u015eube Sorumlusu S\u00fcha Sidal\u2019\u0131n, &#8220;Bursa&#8217;n\u0131n bir devrim ger\u00e7ekle\u015ftirmesini umuyoruz&#8221; a\u00e7\u0131klamalar\u0131 da kullan\u0131ld\u0131.<\/p>\n<p>B\u00dcY\u00dcKLERE KAR\u015eI \u00dcST\u00dcNL\u00dcK SA\u011eLADI<\/p>\n<p>Yeni \u015fampiyonlar\u0131n ligde en \u00e7ok gol att\u0131\u011f\u0131na de\u011finilirken, &#8220;Fenerbah\u00e7e\u2019yle birlikte en \u00e7ok galibiyet alan, en iyi gol averaj\u0131na sahip olan, ligde en az gol yiyen, 34 ma\u00e7ta sadece be\u015f kez yenilirken de en az yenilgi y\u00fcz\u00fc g\u00f6ren tak\u0131m oldular&#8221; denildi.\u00a0Bursa&#8217;n\u0131n \u00fc\u00e7 b\u00fcy\u00fck kul\u00fcbe kar\u015f\u0131n ba\u015fka bir iyi rekora imza att\u0131\u011f\u0131n\u0131n vurguland\u0131\u011f\u0131 yorumda, &#8220;Ligi lider bitiren Bursaspor, kendisini takip eden Fenerbah\u00e7e, Galatasaray ve Be\u015fikta\u015f&#8217;a kar\u015f\u0131 sezonu \u00fcst\u00fcn kapatt\u0131. 4&#8217;\u00fcnc\u00fc s\u0131radaki Be\u015fikta\u015f&#8217;\u0131 2 lig ma\u00e7\u0131nda da yendi. 3&#8217;\u00fcnc\u00fc Galatasaray&#8217;la lig ma\u00e7lar\u0131nda bir kez berabere kald\u0131, di\u011ferinde ma\u011flup etti. 2&#8217;nci Fenerbah\u00e7e&#8217;yle oynad\u0131\u011f\u0131 ma\u00e7larda bir yenilgi bir de galibiyet ald\u0131&#8221; ifadeleri kullan\u0131ld\u0131.<\/p>\n<p>YANLI\u015e ANONS HAYAL KIRIKLI\u011eI YARATTI<\/p>\n<p>Fenerbah\u00e7e i\u00e7in sezonun ac\u0131 verici bir \u015fekilde bitti\u011finin de belirtildi\u011fi haberde, &#8220;Sar\u0131 Kanaryalar ligi son haftada kaybetmelerinin yan\u0131s\u0131ra, Ziraat T\u00fcrkiye Kupas\u0131&#8217;nda da Trabzonspo&#8217;a 3-1 yenildiler&#8221; yorumu yap\u0131ld\u0131.\u00a0Aziz Y\u0131ld\u0131r\u0131m&#8217;\u0131n sezon \u00f6ncesi \u00fc\u00e7 kupa s\u00f6z\u00fcn\u00fcn hat\u0131rlat\u0131ld\u0131\u011f\u0131 yaz\u0131da, medyan\u0131n ya\u015fanan hayal k\u0131r\u0131kl\u0131\u011f\u0131n\u0131n ard\u0131ndan Fenerbah\u00e7e i\u00e7in &#8220;Ayn\u0131 hikaye, u\u00e7an\u00e7, tarihi fiyasko&#8221; gibi ba\u015fl\u0131klar kulland\u0131\u011f\u0131 da belirtildi.\u00a0Yaz\u0131da Fenerbah\u00e7e ile Trabzonspor aras\u0131nda oynanan ma\u00e7\u0131n son dakikalar\u0131ndaki yanl\u0131\u015f anonstan dolay\u0131 Fenerbah\u00e7eli oyuncular, teknik heyet ve taraftarlar\u0131n be\u015f dakika boyunca kutlama yapt\u0131\u011f\u0131, ancak ac\u0131 ger\u00e7e\u011fin daha sonra hayal k\u0131r\u0131kl\u0131\u011f\u0131 yaratt\u0131\u011f\u0131na dikkat \u00e7ekildi.<\/p>\n<span style=\"font-weight: bold; color: #f00;\">Error, group does not exist! Check your syntax! (ID: 75)<\/span>\n<span style=\"font-weight: bold; color: #f00;\">Error, group does not exist! Check your syntax! (ID: 60)<\/span>\n","protected":false},"excerpt":{"rendered":"<p>Uluslararas\u0131 Futbol Federasyonlar\u0131 Birli\u011fi (FIFA), Bursaspor&#8217;u man\u015fete ta\u015f\u0131d\u0131. Bursaspor &#8220;T\u00fcrkiye&#8217;nin \u00fc\u00e7 b\u00fcy\u00fc\u011f\u00fcn\u00fc \u015fok etti&#8221; ba\u015fl\u0131\u011f\u0131yla verilen haberde Bursaspor&#8217;un tarihi ba\u015far\u0131s\u0131 \u00f6v\u00fcld\u00fc.<\/p>\n","protected":false},"author":28,"featured_media":191775,"comment_status":"open","ping_status":"open","sticky":false,"template":"","format":"standard","meta":{"_acf_changed":false,"footnotes":""},"categories":[6774,5005,6194],"tags":[1748,4882,13251,849,4114,7635,25818,25815,25819,11127,4117,7086,25814,25813,25816,17161,7088],"class_list":["post-23887","post","type-post","status-publish","format-standard","has-post-thumbnail","hentry","category-futbol","category-manset","category-spor","tag-besiktas","tag-bursaspor","tag-ertugrul-saglam","tag-fenerbahce","tag-galatasaray","tag-kasimpasa","tag-kasimpasa-futbol-sube-sorumlusu","tag-marmara-bolgesi","tag-sari-kanaryalar","tag-suha-sidal","tag-trabzonspor","tag-turkiye-kupasi","tag-turkiye-super-ligi","tag-uluslararasi-futbol-federasyonlari-birligi","tag-yesil-timsahlar","tag-yilmaz-vural","tag-ziraat-turkiye-kupasi"],"acf":[],"_links":{"self":[{"href":"https:\/\/www.nationalturk.com\/tr\/wp-json\/wp\/v2\/posts\/23887","targetHints":{"allow":["GET"]}}],"collection":[{"href":"https:\/\/www.nationalturk.com\/tr\/wp-json\/wp\/v2\/posts"}],"about":[{"href":"https:\/\/www.nationalturk.com\/tr\/wp-json\/wp\/v2\/types\/post"}],"author":[{"embeddable":true,"href":"https:\/\/www.nationalturk.com\/tr\/wp-json\/wp\/v2\/users\/28"}],"replies":[{"embeddable":true,"href":"https:\/\/www.nationalturk.com\/tr\/wp-json\/wp\/v2\/comments?post=23887"}],"version-history":[{"count":0,"href":"https:\/\/www.nationalturk.com\/tr\/wp-json\/wp\/v2\/posts\/23887\/revisions"}],"wp:featuredmedia":[{"embeddable":true,"href":"https:\/\/www.nationalturk.com\/tr\/wp-json\/wp\/v2\/media\/191775"}],"wp:attachment":[{"href":"https:\/\/www.nationalturk.com\/tr\/wp-json\/wp\/v2\/media?parent=23887"}],"wp:term":[{"taxonomy":"category","embeddable":true,"href":"https:\/\/www.nationalturk.com\/tr\/wp-json\/wp\/v2\/categories?post=23887"},{"taxonomy":"post_tag","embeddable":true,"href":"https:\/\/www.nationalturk.com\/tr\/wp-json\/wp\/v2\/tags?post=23887"}],"curies":[{"name":"wp","href":"https:\/\/api.w.org\/{rel}","templated":true}]}}