{"id":238963,"date":"2016-09-19T17:10:58","date_gmt":"2016-09-19T14:10:58","guid":{"rendered":"http:\/\/www.nationalturk.com\/?p=238963"},"modified":"2016-09-19T17:10:58","modified_gmt":"2016-09-19T14:10:58","slug":"ataturk-havalimaninda-bir-rekor-daha","status":"publish","type":"post","link":"https:\/\/www.nationalturk.com\/tr\/ataturk-havalimaninda-bir-rekor-daha\/","title":{"rendered":"Atat\u00fcrk Havaliman\u0131&#8217;nda bir rekor daha"},"content":{"rendered":"<h1>DHM\u0130 Genel M\u00fcd\u00fcrl\u00fc\u011f\u00fcnden, bir g\u00fcnde bin 500 u\u00e7ak ini\u015f kalk\u0131\u015f\u0131yla Atat\u00fcrk Havaliman\u0131\u2019nda yeni bir rekora imza at\u0131ld\u0131\u011f\u0131 bildirildi.<\/h1>\n<p>Devlet Hava Meydanlar\u0131 \u0130\u015fletmesi (DHM\u0130) Genel M\u00fcd\u00fcrl\u00fc\u011f\u00fcnden yap\u0131lan a\u00e7\u0131klamada, Atat\u00fcrk Havaliman\u0131\u2019na bir g\u00fcnde bin 500 u\u00e7a\u011f\u0131n ini\u015f kalk\u0131\u015f yapt\u0131\u011f\u0131 belirtildi. Bunun bir rekor oldu\u011fu vurgulanan a\u00e7\u0131klamada, \u015funlar kaydedildi:<\/p>\n<p>&#8220;Havaliman\u0131na 18 Eyl\u00fcl Pazar g\u00fcn\u00fc i\u00e7 hatlarda 236 u\u00e7ak kalk\u0131\u015f, 245 u\u00e7ak ini\u015f yapt\u0131. D\u0131\u015f hatlarda ise 513 kalk\u0131\u015f, 506 ini\u015f ger\u00e7ekle\u015fti. Ayn\u0131 g\u00fcn havalanan u\u00e7ak say\u0131s\u0131 749, inen u\u00e7ak say\u0131s\u0131 751 olmak \u00fczere toplam u\u00e7ak say\u0131s\u0131 bin 500\u2019ye ula\u015ft\u0131. Ayn\u0131 g\u00fcn hizmet verilen yolcu say\u0131s\u0131 ise 156 bin 941 oldu. B\u00f6ylece, d\u00fcnyan\u0131n en i\u015flek havalimanlar\u0131 aras\u0131nda yer alan Atat\u00fcrk Havaliman\u0131\u2019nda t\u00fcm zamanlar\u0131n rekoru k\u0131r\u0131ld\u0131. Bundan \u00f6nceki rekor 9 Eyl\u00fcl 2016 Cuma g\u00fcn\u00fc bin 478 ini\u015f kalk\u0131\u015f olarak ger\u00e7ekle\u015fmi\u015fti.&#8221;<\/p>\n<p>DHM\u0130 Genel M\u00fcd\u00fcr\u00fc Serdar H\u00fcseyin Y\u0131ld\u0131r\u0131m da a\u00e7\u0131klamada yer alan de\u011ferlendirmesinde, D\u0131\u015f Hatlar Terminali&#8217;ne canl\u0131 bomba sald\u0131r\u0131s\u0131nda bulunulmas\u0131 ve 15 Temmuz ihanet giri\u015fimi gibi bir\u00e7ok olumsuzluklara ra\u011fmen ula\u015f\u0131lan bu b\u00fcy\u00fck ba\u015far\u0131n\u0131n, T\u00fcrk sivil havac\u0131l\u0131\u011f\u0131ndaki y\u00fckseli\u015fin devam etti\u011fini g\u00f6sterdi\u011fini ve asr\u0131n projesi olan yeni havaliman\u0131na olan ihtiyaca i\u015faret etti\u011fini vurgulad\u0131.<\/p>\n<p>Uzun bayram tatili m\u00fcddetince yolcular\u0131n g\u00fcvenli ve konforlu bir \u015fekilde seyahat etmesini sa\u011flamak i\u00e7in mesai sarf eden DHM\u0130 \u00e7al\u0131\u015fanlar\u0131na te\u015fekk\u00fcr eden Y\u0131ld\u0131r\u0131m, DHM\u0130 mensuplar\u0131yla i\u015fbirli\u011fi halinde \u00fcst\u00fcn gayret g\u00f6steren havayolu \u015firketleri ve t\u00fcm kurulu\u015flar\u0131n \u00e7al\u0131\u015fanlar\u0131na da minnet ve \u015f\u00fckranlar\u0131n\u0131 iletti.<\/p>\n<!-- Error, Advert is not available at this time due to schedule\/geolocation restrictions! -->\n","protected":false},"excerpt":{"rendered":"<p>DHM\u0130 Genel M\u00fcd\u00fcrl\u00fc\u011f\u00fcnden, bir g\u00fcnde bin 500 u\u00e7ak ini\u015f kalk\u0131\u015f\u0131yla Atat\u00fcrk Havaliman\u0131\u2019nda yeni bir rekora imza at\u0131ld\u0131\u011f\u0131 bildirildi. Devlet Hava Meydanlar\u0131 \u0130\u015fletmesi (DHM\u0130) Genel M\u00fcd\u00fcrl\u00fc\u011f\u00fcnden yap\u0131lan a\u00e7\u0131klamada, Atat\u00fcrk Havaliman\u0131\u2019na bir g\u00fcnde bin 500 u\u00e7a\u011f\u0131n ini\u015f kalk\u0131\u015f yapt\u0131\u011f\u0131 belirtildi. Bunun bir rekor oldu\u011fu vurgulanan a\u00e7\u0131klamada, \u015funlar kaydedildi: &#8220;Havaliman\u0131na 18 Eyl\u00fcl Pazar g\u00fcn\u00fc i\u00e7 hatlarda 236 u\u00e7ak &hellip;<\/p>\n","protected":false},"author":4,"featured_media":238964,"comment_status":"open","ping_status":"open","sticky":false,"template":"","format":"standard","meta":{"_acf_changed":false,"footnotes":""},"categories":[6199,6155,5005,6671],"tags":[681,54873,15314,1011],"class_list":["post-238963","post","type-post","status-publish","format-standard","has-post-thumbnail","hentry","category-ekonomi","category-gundem","category-manset","category-seyahat","tag-ataturk-havalimani","tag-ataturk-havalimani-rekor","tag-huseyin-yildirim","tag-istanbul"],"acf":[],"_links":{"self":[{"href":"https:\/\/www.nationalturk.com\/tr\/wp-json\/wp\/v2\/posts\/238963","targetHints":{"allow":["GET"]}}],"collection":[{"href":"https:\/\/www.nationalturk.com\/tr\/wp-json\/wp\/v2\/posts"}],"about":[{"href":"https:\/\/www.nationalturk.com\/tr\/wp-json\/wp\/v2\/types\/post"}],"author":[{"embeddable":true,"href":"https:\/\/www.nationalturk.com\/tr\/wp-json\/wp\/v2\/users\/4"}],"replies":[{"embeddable":true,"href":"https:\/\/www.nationalturk.com\/tr\/wp-json\/wp\/v2\/comments?post=238963"}],"version-history":[{"count":0,"href":"https:\/\/www.nationalturk.com\/tr\/wp-json\/wp\/v2\/posts\/238963\/revisions"}],"wp:featuredmedia":[{"embeddable":true,"href":"https:\/\/www.nationalturk.com\/tr\/wp-json\/wp\/v2\/media\/238964"}],"wp:attachment":[{"href":"https:\/\/www.nationalturk.com\/tr\/wp-json\/wp\/v2\/media?parent=238963"}],"wp:term":[{"taxonomy":"category","embeddable":true,"href":"https:\/\/www.nationalturk.com\/tr\/wp-json\/wp\/v2\/categories?post=238963"},{"taxonomy":"post_tag","embeddable":true,"href":"https:\/\/www.nationalturk.com\/tr\/wp-json\/wp\/v2\/tags?post=238963"}],"curies":[{"name":"wp","href":"https:\/\/api.w.org\/{rel}","templated":true}]}}