{"id":239249,"date":"2016-09-25T12:46:06","date_gmt":"2016-09-25T09:46:06","guid":{"rendered":"http:\/\/www.nationalturk.com\/?p=239249"},"modified":"2016-09-25T12:46:06","modified_gmt":"2016-09-25T09:46:06","slug":"fethullah-gulen-darbeyi-erdogan-planladi","status":"publish","type":"post","link":"https:\/\/www.nationalturk.com\/tr\/fethullah-gulen-darbeyi-erdogan-planladi\/","title":{"rendered":"Fethullah G\u00fclen: Darbeyi Erdo\u011fan planlad\u0131"},"content":{"rendered":"<h1>Alman ZDF televizyonuna konu\u015fan Fethullah G\u00fclen, darbeyi Cumhurba\u015fkan\u0131 Erdo\u011fan&#8217;\u0131n planlad\u0131\u011f\u0131n\u0131 s\u00f6yledi.<\/h1>\n<p>15 Temmuz darbe giri\u015fiminin arkas\u0131nda olmakla su\u00e7lanan Fethullah G\u00fclen, Alman ZDF televizyonuna konu\u015ftu. G\u00fclen, darbenin Erdo\u011fan taraf\u0131ndan daha \u00f6nceden, d\u00fcnya kamuoyunu G\u00fclencilerin tasfiyesine ikna i\u00e7in planland\u0131\u011f\u0131n\u0131 ileri s\u00fcrd\u00fc.<\/p>\n<p>Sol&#8217;un haberine g\u00f6re, Fethullah G\u00fclen uzun zamand\u0131r listelerin haz\u0131rland\u0131\u011f\u0131n\u0131, ancak tasfiye i\u00e7in Erdo\u011fan&#8217;\u0131n uluslararas\u0131 kamuoyunu ikna etmek maksad\u0131yla darbe giri\u015fimini tertipledi\u011fini iddia etti. G\u00fclen, 15 Temmuz darbe giri\u015fimi i\u00e7in &#8220;senaryo&#8221; dedi.<\/p>\n<p>G\u00fclen, darbe gecesi ya\u015fananlar i\u00e7in de &#8220;y\u00fcze g\u00f6ze bula\u015ft\u0131r\u0131lm\u0131\u015f bir senaryo gibiydi&#8221; ifadelerini kulland\u0131.<\/p>\n<h2>T\u00fcm su\u00e7lamalara seve seve katlan\u0131r\u0131m<\/h2>\n<p>Fethullah G\u00fclen, darbe giri\u015fimine kat\u0131lan askerlerle ba\u011f\u0131 oldu\u011fu kan\u0131tlan\u0131rsa, t\u00fcm su\u00e7lamalara seve seve katlanaca\u011f\u0131n\u0131 s\u00f6yledi. G\u00fclen, T\u00fcrkiye h\u00fck\u00fcmetine, darbenin ara\u015ft\u0131r\u0131lmas\u0131 i\u00e7in uluslararas\u0131 bir komisyon kurulmas\u0131 teklifi yapt\u0131\u011f\u0131n\u0131 da belirtti.<\/p>\n<!-- Error, Advert is not available at this time due to schedule\/geolocation restrictions! -->\n","protected":false},"excerpt":{"rendered":"<p>Alman ZDF televizyonuna konu\u015fan Fethullah G\u00fclen, darbeyi Cumhurba\u015fkan\u0131 Erdo\u011fan&#8217;\u0131n planlad\u0131\u011f\u0131n\u0131 s\u00f6yledi.<\/p>\n","protected":false},"author":3,"featured_media":239250,"comment_status":"open","ping_status":"open","sticky":false,"template":"","format":"standard","meta":{"_acf_changed":false,"footnotes":""},"categories":[6155,763,5005,6805],"tags":[1887,172607,8252,202856],"class_list":["post-239249","post","type-post","status-publish","format-standard","has-post-thumbnail","hentry","category-gundem","category-gunun-olayi","category-manset","category-turkiye","tag-abd","tag-darbe-girisimi","tag-fethullah-gulen","tag-feto"],"acf":[],"_links":{"self":[{"href":"https:\/\/www.nationalturk.com\/tr\/wp-json\/wp\/v2\/posts\/239249","targetHints":{"allow":["GET"]}}],"collection":[{"href":"https:\/\/www.nationalturk.com\/tr\/wp-json\/wp\/v2\/posts"}],"about":[{"href":"https:\/\/www.nationalturk.com\/tr\/wp-json\/wp\/v2\/types\/post"}],"author":[{"embeddable":true,"href":"https:\/\/www.nationalturk.com\/tr\/wp-json\/wp\/v2\/users\/3"}],"replies":[{"embeddable":true,"href":"https:\/\/www.nationalturk.com\/tr\/wp-json\/wp\/v2\/comments?post=239249"}],"version-history":[{"count":0,"href":"https:\/\/www.nationalturk.com\/tr\/wp-json\/wp\/v2\/posts\/239249\/revisions"}],"wp:featuredmedia":[{"embeddable":true,"href":"https:\/\/www.nationalturk.com\/tr\/wp-json\/wp\/v2\/media\/239250"}],"wp:attachment":[{"href":"https:\/\/www.nationalturk.com\/tr\/wp-json\/wp\/v2\/media?parent=239249"}],"wp:term":[{"taxonomy":"category","embeddable":true,"href":"https:\/\/www.nationalturk.com\/tr\/wp-json\/wp\/v2\/categories?post=239249"},{"taxonomy":"post_tag","embeddable":true,"href":"https:\/\/www.nationalturk.com\/tr\/wp-json\/wp\/v2\/tags?post=239249"}],"curies":[{"name":"wp","href":"https:\/\/api.w.org\/{rel}","templated":true}]}}