{"id":239292,"date":"2016-09-26T11:45:52","date_gmt":"2016-09-26T08:45:52","guid":{"rendered":"http:\/\/www.nationalturk.com\/?p=239292"},"modified":"2024-09-10T11:51:52","modified_gmt":"2024-09-10T08:51:52","slug":"mardinde-teror-saldirisi-2-sehit-8-yarali","status":"publish","type":"post","link":"https:\/\/www.nationalturk.com\/tr\/mardinde-teror-saldirisi-2-sehit-8-yarali\/","title":{"rendered":"Mardin&#8217;de ter\u00f6r sald\u0131r\u0131s\u0131: 2 \u015fehit 8 yaral\u0131"},"content":{"rendered":"<h1>PKK&#8217;l\u0131 ter\u00f6ristlerin, K\u0131z\u0131ltepe-Derik karayoluna tuzaklad\u0131klar\u0131 patlay\u0131c\u0131y\u0131, asker ve korucular\u0131 ta\u015f\u0131yan sivil arac\u0131n ge\u00e7i\u015fi s\u0131ras\u0131nda infilak ettirmesi sonucu 2 g\u00fcvenlik g\u00f6revlisi \u015fehit oldu, 8 g\u00fcvenlik g\u00f6revlisi yaraland\u0131.<\/h1>\n<p>Mardin&#8217;de PKK&#8217;l\u0131 ter\u00f6ristler, K\u0131z\u0131ltepe-Derik karayolunun Tepeda\u011f k\u00f6y\u00fc mevkisinde tuzaklad\u0131klar\u0131 patlay\u0131c\u0131y\u0131, g\u00f6revden d\u00f6nen askerleri ve korucular\u0131 ta\u015f\u0131yan minib\u00fcs\u00fcn ge\u00e7i\u015fi s\u0131ras\u0131nda patlatt\u0131.<\/p>\n<p>Sald\u0131r\u0131da 2 g\u00fcvenlik g\u00f6revlisi \u015fehit oldu, 8 g\u00fcvenlik g\u00f6revlisi yaraland\u0131.<\/p>\n<p>Yaral\u0131lar, olay yerine sevk edilen ambulanslarla Mardin ile Derik ve K\u0131z\u0131ltepe il\u00e7elerindeki hastanelere kald\u0131r\u0131ld\u0131.\u00a0Ka\u00e7an ter\u00f6ristlerin yakalanmas\u0131 i\u00e7in b\u00f6lgede operasyon ba\u015flat\u0131ld\u0131.<\/p>\n<!-- Error, Advert is not available at this time due to schedule\/geolocation restrictions! -->\n","protected":false},"excerpt":{"rendered":"<p>PKK&#8217;l\u0131 ter\u00f6ristlerin, K\u0131z\u0131ltepe-Derik karayoluna tuzaklad\u0131klar\u0131 patlay\u0131c\u0131y\u0131, asker ve korucular\u0131 ta\u015f\u0131yan sivil arac\u0131n ge\u00e7i\u015fi s\u0131ras\u0131nda infilak ettirmesi sonucu 2 g\u00fcvenlik g\u00f6revlisi \u015fehit oldu, 8 g\u00fcvenlik g\u00f6revlisi yaraland\u0131. Mardin&#8217;de PKK&#8217;l\u0131 ter\u00f6ristler, K\u0131z\u0131ltepe-Derik karayolunun Tepeda\u011f k\u00f6y\u00fc mevkisinde tuzaklad\u0131klar\u0131 patlay\u0131c\u0131y\u0131, g\u00f6revden d\u00f6nen askerleri ve korucular\u0131 ta\u015f\u0131yan minib\u00fcs\u00fcn ge\u00e7i\u015fi s\u0131ras\u0131nda patlatt\u0131. Sald\u0131r\u0131da 2 g\u00fcvenlik g\u00f6revlisi \u015fehit oldu, 8 g\u00fcvenlik g\u00f6revlisi &hellip;<\/p>\n","protected":false},"author":4,"featured_media":239293,"comment_status":"open","ping_status":"open","sticky":false,"template":"","format":"standard","meta":{"_acf_changed":false,"footnotes":""},"categories":[6155,5005,349,6805],"tags":[2204,89572,31650,32771],"class_list":["post-239292","post","type-post","status-publish","format-standard","has-post-thumbnail","hentry","category-gundem","category-manset","category-son-dakika","category-turkiye","tag-mardin","tag-mardin-derik","tag-sehit","tag-sehit-cenazesi"],"acf":[],"_links":{"self":[{"href":"https:\/\/www.nationalturk.com\/tr\/wp-json\/wp\/v2\/posts\/239292","targetHints":{"allow":["GET"]}}],"collection":[{"href":"https:\/\/www.nationalturk.com\/tr\/wp-json\/wp\/v2\/posts"}],"about":[{"href":"https:\/\/www.nationalturk.com\/tr\/wp-json\/wp\/v2\/types\/post"}],"author":[{"embeddable":true,"href":"https:\/\/www.nationalturk.com\/tr\/wp-json\/wp\/v2\/users\/4"}],"replies":[{"embeddable":true,"href":"https:\/\/www.nationalturk.com\/tr\/wp-json\/wp\/v2\/comments?post=239292"}],"version-history":[{"count":0,"href":"https:\/\/www.nationalturk.com\/tr\/wp-json\/wp\/v2\/posts\/239292\/revisions"}],"wp:featuredmedia":[{"embeddable":true,"href":"https:\/\/www.nationalturk.com\/tr\/wp-json\/wp\/v2\/media\/239293"}],"wp:attachment":[{"href":"https:\/\/www.nationalturk.com\/tr\/wp-json\/wp\/v2\/media?parent=239292"}],"wp:term":[{"taxonomy":"category","embeddable":true,"href":"https:\/\/www.nationalturk.com\/tr\/wp-json\/wp\/v2\/categories?post=239292"},{"taxonomy":"post_tag","embeddable":true,"href":"https:\/\/www.nationalturk.com\/tr\/wp-json\/wp\/v2\/tags?post=239292"}],"curies":[{"name":"wp","href":"https:\/\/api.w.org\/{rel}","templated":true}]}}