{"id":239311,"date":"2016-09-26T17:49:12","date_gmt":"2016-09-26T14:49:12","guid":{"rendered":"http:\/\/www.nationalturk.com\/?p=239311"},"modified":"2016-09-26T17:49:12","modified_gmt":"2016-09-26T14:49:12","slug":"bosna-hersekte-referandum-hamlesi","status":"publish","type":"post","link":"https:\/\/www.nationalturk.com\/tr\/bosna-hersekte-referandum-hamlesi\/","title":{"rendered":"Bosna Hersek&#8217;te referandum hamlesi"},"content":{"rendered":"<h1>Bosna Hersek Ba\u015fsavc\u0131s\u0131 Salihovic&#8217;in talimat\u0131yla Anayasa Mahkemesinin kararlar\u0131n\u0131n uygulanmamas\u0131yla ilgili faaliyetlere y\u00f6nelik dosya a\u00e7\u0131ld\u0131.<\/h1>\n<p>Bosna Hersek Ba\u015fsavc\u0131l\u0131\u011f\u0131, \u00fclkedeki iki entiteden biri olan S\u0131rp Cumhuriyeti&#8217;nde (RS) d\u00fcn, Anayasa Mahkemesince &#8220;anayasaya ayk\u0131r\u0131&#8221; oldu\u011fu belirtilmesine ra\u011fmen 9 Ocak&#8217;\u0131n &#8220;S\u0131rp Cumhuriyeti G\u00fcn\u00fc&#8221; olarak kutlanmas\u0131na y\u00f6nelik referandum d\u00fczenlenmesinin ard\u0131ndan harekete ge\u00e7ti.<\/p>\n<p>Savc\u0131l\u0131ktan yap\u0131lan yaz\u0131l\u0131 a\u00e7\u0131klamada, Ba\u015fsavc\u0131 Goran Salihovic&#8217;in talimat\u0131 do\u011frultusunda, yakla\u015f\u0131k 20 g\u00fcnd\u00fcr Bosna Hersek Anayasa Mahkemesinin kararlar\u0131n\u0131n uygulanmamas\u0131yla ilgili faaliyetlere y\u00f6nelik dosya a\u00e7\u0131ld\u0131\u011f\u0131 bildirildi.<\/p>\n<p>Ba\u015fsavc\u0131n\u0131n talimat\u0131yla kurulan \u00f6zel bir ekibin bu faaliyetlere y\u00f6nelik belgeleri toplad\u0131\u011f\u0131 belirtilen a\u00e7\u0131klamada, bu kapsamda baz\u0131 isimlerin ifade vermek \u00fczere savc\u0131l\u0131\u011fa \u00e7a\u011fr\u0131laca\u011f\u0131 kaydedildi.<\/p>\n<p>A\u00e7\u0131klamada, a\u00e7\u0131lan dosyan\u0131n &#8220;\u00f6ncelikli&#8221; olarak s\u0131n\u0131fland\u0131r\u0131ld\u0131\u011f\u0131, savc\u0131l\u0131\u011f\u0131n t\u00fcm kaynaklar\u0131n\u0131n konuya ili\u015fkin kullan\u0131ma a\u00e7\u0131k olaca\u011f\u0131 da aktar\u0131ld\u0131.<\/p>\n<p>A\u00e7\u0131klamada ayr\u0131ca, savc\u0131l\u0131\u011f\u0131n gelecekte de kanunlara uygun hareket etmeye devam edece\u011fi, konunun \u00f6nemi dolay\u0131s\u0131yla kamuoyuna daha detayl\u0131 a\u00e7\u0131klama yap\u0131lamayaca\u011f\u0131 ifadesi kullan\u0131ld\u0131.<\/p>\n<p>Anayasa Mahkemesi, ge\u00e7en y\u0131l kas\u0131m ay\u0131nda ald\u0131\u011f\u0131 kararda, 9 Ocak&#8217;\u0131n &#8220;S\u0131rp Cumhuriyeti G\u00fcn\u00fc&#8221; olarak kutlanmas\u0131n\u0131n anayasaya ayk\u0131r\u0131 oldu\u011funu bildirmi\u015fti. Bosnal\u0131 S\u0131rplar, mahkemenin karar\u0131na ra\u011fmen bu y\u00f6nde entite s\u0131n\u0131rlar\u0131 i\u00e7inde referandum yap\u0131lmas\u0131n\u0131 kararla\u015ft\u0131rm\u0131\u015ft\u0131. Mahkeme \u00fcyeleri, \u00f6nceki hafta yapt\u0131klar\u0131 oturumda, referandumun da anayasaya ayk\u0131r\u0131 oldu\u011funa ve durdurulmas\u0131 gerekti\u011fine h\u00fckmetmi\u015f, ancak yasa\u011fa ra\u011fmen Bosnal\u0131 S\u0131rplar d\u00fcn referandum yapm\u0131\u015ft\u0131.<\/p>\n<p>\u00dclkedeki iki entiteden biri olan S\u0131rp Cumhuriyeti&#8217;ndeki referandumda, kat\u0131l\u0131mc\u0131lar\u0131n y\u00fczde 99,81&#8217;i, &#8220;9 Ocak&#8217;\u0131n S\u0131rp Cumhuriyeti G\u00fcn\u00fc olarak kutlanmas\u0131n\u0131 destekliyor musunuz?&#8221; sorusuna &#8220;Evet&#8221; yan\u0131t\u0131n\u0131 vermi\u015fti.<\/p>\n<!-- Error, Advert is not available at this time due to schedule\/geolocation restrictions! -->\n","protected":false},"excerpt":{"rendered":"<p>Bosna Hersek Ba\u015fsavc\u0131s\u0131 Salihovic&#8217;in talimat\u0131yla Anayasa Mahkemesinin kararlar\u0131n\u0131n uygulanmamas\u0131yla ilgili faaliyetlere y\u00f6nelik dosya a\u00e7\u0131ld\u0131. Bosna Hersek Ba\u015fsavc\u0131l\u0131\u011f\u0131, \u00fclkedeki iki entiteden biri olan S\u0131rp Cumhuriyeti&#8217;nde (RS) d\u00fcn, Anayasa Mahkemesince &#8220;anayasaya ayk\u0131r\u0131&#8221; oldu\u011fu belirtilmesine ra\u011fmen 9 Ocak&#8217;\u0131n &#8220;S\u0131rp Cumhuriyeti G\u00fcn\u00fc&#8221; olarak kutlanmas\u0131na y\u00f6nelik referandum d\u00fczenlenmesinin ard\u0131ndan harekete ge\u00e7ti. Savc\u0131l\u0131ktan yap\u0131lan yaz\u0131l\u0131 a\u00e7\u0131klamada, Ba\u015fsavc\u0131 Goran Salihovic&#8217;in talimat\u0131 do\u011frultusunda, &hellip;<\/p>\n","protected":false},"author":4,"featured_media":239312,"comment_status":"open","ping_status":"open","sticky":false,"template":"","format":"standard","meta":{"_acf_changed":false,"footnotes":""},"categories":[6770,6665],"tags":[1960],"class_list":["post-239311","post","type-post","status-publish","format-standard","has-post-thumbnail","hentry","category-avrupa","category-dunya","tag-bosna-hersek"],"acf":[],"_links":{"self":[{"href":"https:\/\/www.nationalturk.com\/tr\/wp-json\/wp\/v2\/posts\/239311","targetHints":{"allow":["GET"]}}],"collection":[{"href":"https:\/\/www.nationalturk.com\/tr\/wp-json\/wp\/v2\/posts"}],"about":[{"href":"https:\/\/www.nationalturk.com\/tr\/wp-json\/wp\/v2\/types\/post"}],"author":[{"embeddable":true,"href":"https:\/\/www.nationalturk.com\/tr\/wp-json\/wp\/v2\/users\/4"}],"replies":[{"embeddable":true,"href":"https:\/\/www.nationalturk.com\/tr\/wp-json\/wp\/v2\/comments?post=239311"}],"version-history":[{"count":0,"href":"https:\/\/www.nationalturk.com\/tr\/wp-json\/wp\/v2\/posts\/239311\/revisions"}],"wp:featuredmedia":[{"embeddable":true,"href":"https:\/\/www.nationalturk.com\/tr\/wp-json\/wp\/v2\/media\/239312"}],"wp:attachment":[{"href":"https:\/\/www.nationalturk.com\/tr\/wp-json\/wp\/v2\/media?parent=239311"}],"wp:term":[{"taxonomy":"category","embeddable":true,"href":"https:\/\/www.nationalturk.com\/tr\/wp-json\/wp\/v2\/categories?post=239311"},{"taxonomy":"post_tag","embeddable":true,"href":"https:\/\/www.nationalturk.com\/tr\/wp-json\/wp\/v2\/tags?post=239311"}],"curies":[{"name":"wp","href":"https:\/\/api.w.org\/{rel}","templated":true}]}}