{"id":239409,"date":"2016-09-28T13:12:21","date_gmt":"2016-09-28T10:12:21","guid":{"rendered":"http:\/\/www.nationalturk.com\/?p=239409"},"modified":"2016-09-28T13:12:21","modified_gmt":"2016-09-28T10:12:21","slug":"15-dakika-oynadi-dunyayi-mest-etti","status":"publish","type":"post","link":"https:\/\/www.nationalturk.com\/tr\/15-dakika-oynadi-dunyayi-mest-etti\/","title":{"rendered":"15 dakika oynad\u0131, d\u00fcnyay\u0131 mest etti"},"content":{"rendered":"<h1>\u015eampiyonlar Ligi&#8217;nde 2-2 berabere sona eren Borussia Dortmund-Real Madrid ma\u00e7\u0131n\u0131n son 15 dakikas\u0131nda forma giyen Emre Mor, \u0130spanyol bas\u0131n\u0131n\u0131n ilgisini \u00e7ekti.<\/h1>\n<p>Kar\u015f\u0131la\u015fmay\u0131 yay\u0131nlayan Antena 3 televizyonu, 19 ya\u015f\u0131ndaki Emre Mor&#8217;un sahada g\u00f6sterdi\u011fi performansla gelecek vaat eden futbolcular aras\u0131nda ilk s\u0131rada yer ald\u0131\u011f\u0131n\u0131 belirtti.<\/p>\n<p>&#8220;Emre&#8217;nin stili daha \u00e7ok Messi&#8217;ye benziyor. Gelece\u011fin Messi&#8217;si olabilir&#8221; yorumunda bulunan ma\u00e7\u0131 anlatan \u0130spanyol spiker, Almanya temsilcisi Borussia Dortmund ile 5 y\u0131ll\u0131k s\u00f6zle\u015fmesi bulunan T\u00fcrk futbolcunun sonraki y\u0131llarda Real Madrid veya Barcelona gibi La Liga&#8217;n\u0131n \u00f6nde gelen tak\u0131mlar\u0131nda forma giyebilece\u011fini kaydetti.<\/p>\n<p>Marca gazetesi ise ma\u00e7 sonunda Cristiano Ronaldo ile Emre Mor&#8217;un yan yana y\u00fcr\u00fcd\u00fckleri foto\u011fraf\u0131 kullanarak, T\u00fcrk futbolcunun ma\u00e7\u0131n ard\u0131ndan Ronaldo&#8217;dan formas\u0131n\u0131 istedi\u011fini yazd\u0131.<\/p>\n<p>\u0130spanyol bas\u0131n\u0131 ayr\u0131ca, Borussia Dortmund&#8217;un di\u011fer gen\u00e7 futbolcusu 19 ya\u015f\u0131ndaki Ousmane Dembele&#8217;den de \u00f6vg\u00fcyle s\u00f6z etti.<\/p>\n<p>\u00d6te yandan, Real Madrid&#8217;in oynad\u0131\u011f\u0131 son 3 ma\u00e7\u0131n beraberlikle sonu\u00e7lanmas\u0131 dikkati \u00e7ekti.<\/p>\n<!-- Error, Advert is not available at this time due to schedule\/geolocation restrictions! -->\n","protected":false},"excerpt":{"rendered":"<p>\u015eampiyonlar Ligi&#8217;nde 2-2 berabere sona eren Borussia Dortmund-Real Madrid ma\u00e7\u0131n\u0131n son 15 dakikas\u0131nda forma giyen Emre Mor, \u0130spanyol bas\u0131n\u0131n\u0131n ilgisini \u00e7ekti. Kar\u015f\u0131la\u015fmay\u0131 yay\u0131nlayan Antena 3 televizyonu, 19 ya\u015f\u0131ndaki Emre Mor&#8217;un sahada g\u00f6sterdi\u011fi performansla gelecek vaat eden futbolcular aras\u0131nda ilk s\u0131rada yer ald\u0131\u011f\u0131n\u0131 belirtti. &#8220;Emre&#8217;nin stili daha \u00e7ok Messi&#8217;ye benziyor. Gelece\u011fin Messi&#8217;si olabilir&#8221; yorumunda bulunan ma\u00e7\u0131 &hellip;<\/p>\n","protected":false},"author":4,"featured_media":239410,"comment_status":"open","ping_status":"open","sticky":false,"template":"","format":"standard","meta":{"_acf_changed":false,"footnotes":""},"categories":[6774,5005,6194],"tags":[68179,3401,205692,21033,20555,2615],"class_list":["post-239409","post","type-post","status-publish","format-standard","has-post-thumbnail","hentry","category-futbol","category-manset","category-spor","tag-borussia-dortmund-real-madrid","tag-cristiano-ronaldo","tag-emre-mor","tag-la-liga","tag-messi","tag-real-madrid"],"acf":[],"_links":{"self":[{"href":"https:\/\/www.nationalturk.com\/tr\/wp-json\/wp\/v2\/posts\/239409","targetHints":{"allow":["GET"]}}],"collection":[{"href":"https:\/\/www.nationalturk.com\/tr\/wp-json\/wp\/v2\/posts"}],"about":[{"href":"https:\/\/www.nationalturk.com\/tr\/wp-json\/wp\/v2\/types\/post"}],"author":[{"embeddable":true,"href":"https:\/\/www.nationalturk.com\/tr\/wp-json\/wp\/v2\/users\/4"}],"replies":[{"embeddable":true,"href":"https:\/\/www.nationalturk.com\/tr\/wp-json\/wp\/v2\/comments?post=239409"}],"version-history":[{"count":0,"href":"https:\/\/www.nationalturk.com\/tr\/wp-json\/wp\/v2\/posts\/239409\/revisions"}],"wp:featuredmedia":[{"embeddable":true,"href":"https:\/\/www.nationalturk.com\/tr\/wp-json\/wp\/v2\/media\/239410"}],"wp:attachment":[{"href":"https:\/\/www.nationalturk.com\/tr\/wp-json\/wp\/v2\/media?parent=239409"}],"wp:term":[{"taxonomy":"category","embeddable":true,"href":"https:\/\/www.nationalturk.com\/tr\/wp-json\/wp\/v2\/categories?post=239409"},{"taxonomy":"post_tag","embeddable":true,"href":"https:\/\/www.nationalturk.com\/tr\/wp-json\/wp\/v2\/tags?post=239409"}],"curies":[{"name":"wp","href":"https:\/\/api.w.org\/{rel}","templated":true}]}}