{"id":240005,"date":"2016-10-11T11:28:35","date_gmt":"2016-10-11T08:28:35","guid":{"rendered":"http:\/\/www.nationalturk.com\/?p=240005"},"modified":"2016-10-11T11:28:35","modified_gmt":"2016-10-11T08:28:35","slug":"meteorolojiden-saganak-uyarisi","status":"publish","type":"post","link":"https:\/\/www.nationalturk.com\/tr\/meteorolojiden-saganak-uyarisi\/","title":{"rendered":"Meteoroloji&#8217;den sa\u011fanak uyar\u0131s\u0131"},"content":{"rendered":"<h1>Meteoroloji&#8217;den \u0130stanbul, Bursa, \u0130zmir, Adana, Antalya i\u00e7in sa\u011fanak ya\u011f\u0131\u015f uyar\u0131s\u0131 yap\u0131ld\u0131.<\/h1>\n<p>Yap\u0131lan son de\u011ferlendirmelere g\u00f6re; \u00fclkenin kuzey, i\u00e7 ve bat\u0131 kesimlerin par\u00e7al\u0131 yer yer \u00e7ok bulutlu, Marmara&#8217;n\u0131n bat\u0131s\u0131 ve K\u0131y\u0131 Ege ile Bursa, Yalova, Denizli, Burdur, Adana ve Hatay&#8217;\u0131n k\u0131y\u0131 il\u00e7elerinin sa\u011fanak ve yer yer g\u00f6k g\u00fcr\u00fclt\u00fcl\u00fc sa\u011fanak ya\u011f\u0131\u015fl\u0131 ge\u00e7ece\u011fi tahmin ediliyor.<\/p>\n<p>Hava s\u0131cakl\u0131\u011f\u0131n\u0131n kuzeybat\u0131 kesimlerde 1 ila 4 derece artaca\u011f\u0131, di\u011fer yerlerde \u00f6nemli bir de\u011fi\u015fiklik olmayaca\u011f\u0131 tahmin ediliyor. R\u00fczgar\u0131n genellikle kuzey ve kuzeydo\u011fu, Ege k\u0131y\u0131lar\u0131nda g\u00fcney ve g\u00fcneydo\u011fu, Akdeniz k\u0131y\u0131lar\u0131 ile G\u00fcneydo\u011fu Anadolu&#8217;da bat\u0131 ve g\u00fcneybat\u0131 y\u00f6nlerden hafif ara s\u0131ra orta kuvvette, Ege ve Bat\u0131 Akdeniz&#8217;de yer yer kuvvetlice (30-50 km\/sa) esmesi bekleniyor.<\/p>\n<p>\u0130llere g\u00f6re hava tahminleri \u015f\u00f6yle:<\/p>\n<p>Ankara: Az bulutlu ve a\u00e7\u0131k, zamanla par\u00e7al\u0131 yer yer \u00e7ok bulutlu 23<br \/>\n\u0130stanbul: Par\u00e7al\u0131 yer yer \u00e7ok bulutlu, sabah saatlerinde Avrupa Yakas\u0131, ak\u015famsaatlerinde il geneli aral\u0131kl\u0131 sa\u011fanak ya\u011f\u0131\u015fl\u0131 25<br \/>\nBursa: Par\u00e7al\u0131 zamanla \u00e7ok bulutlu, ak\u015fam saatlerinde sa\u011fanak ya\u011f\u0131\u015fl\u0131 27<br \/>\n\u0130zmir: Par\u00e7al\u0131 yer yer \u00e7ok bulutlu, \u00f6\u011fle saatlerinde sa\u011fanak ya\u011f\u0131\u015fl\u0131 27<br \/>\nAdana: Par\u00e7al\u0131 yer yer \u00e7ok bulutlu, sabah saatlerinde sa\u011fanak ve g\u00f6k g\u00fcr\u00fclt\u00fcl\u00fc sa\u011fanak ya\u011f\u0131\u015fl\u0131 30<br \/>\nAntalya: Par\u00e7al\u0131 bulutlu, zamanla yer yer \u00e7ok bulutlu 27<br \/>\nKonya: Az bulutlu ve a\u00e7\u0131k, zamanla par\u00e7al\u0131 yer yer \u00e7ok bulutlu 25<br \/>\nSamsun: Par\u00e7al\u0131 yer yer \u00e7ok bulutlu 21<br \/>\nTrabzon: Par\u00e7al\u0131 yer yer \u00e7ok bulutlu 22<br \/>\nErzurum: Par\u00e7al\u0131 bulutlu, zamanla yer yer \u00e7ok bulutlu 20<br \/>\nDiyarbak\u0131r: Az bulutlu ve a\u00e7\u0131k 29<\/p>\n<!-- Error, Advert is not available at this time due to schedule\/geolocation restrictions! -->\n","protected":false},"excerpt":{"rendered":"<p>Meteoroloji&#8217;den \u0130stanbul, Bursa, \u0130zmir, Adana, Antalya i\u00e7in sa\u011fanak ya\u011f\u0131\u015f uyar\u0131s\u0131 yap\u0131ld\u0131. Yap\u0131lan son de\u011ferlendirmelere g\u00f6re; \u00fclkenin kuzey, i\u00e7 ve bat\u0131 kesimlerin par\u00e7al\u0131 yer yer \u00e7ok bulutlu, Marmara&#8217;n\u0131n bat\u0131s\u0131 ve K\u0131y\u0131 Ege ile Bursa, Yalova, Denizli, Burdur, Adana ve Hatay&#8217;\u0131n k\u0131y\u0131 il\u00e7elerinin sa\u011fanak ve yer yer g\u00f6k g\u00fcr\u00fclt\u00fcl\u00fc sa\u011fanak ya\u011f\u0131\u015fl\u0131 ge\u00e7ece\u011fi tahmin ediliyor. Hava s\u0131cakl\u0131\u011f\u0131n\u0131n kuzeybat\u0131 &hellip;<\/p>\n","protected":false},"author":4,"featured_media":240006,"comment_status":"open","ping_status":"open","sticky":false,"template":"","format":"standard","meta":{"_acf_changed":false,"footnotes":""},"categories":[6155,5005,6805],"tags":[845,55686,1011,14525,29322,1681,49705],"class_list":["post-240005","post","type-post","status-publish","format-standard","has-post-thumbnail","hentry","category-gundem","category-manset","category-turkiye","tag-bursa","tag-bursa-hava-durumu","tag-istanbul","tag-istanbul-hava-durumu","tag-istanbul-yagmur","tag-izmir","tag-izmir-yagmur"],"acf":[],"_links":{"self":[{"href":"https:\/\/www.nationalturk.com\/tr\/wp-json\/wp\/v2\/posts\/240005","targetHints":{"allow":["GET"]}}],"collection":[{"href":"https:\/\/www.nationalturk.com\/tr\/wp-json\/wp\/v2\/posts"}],"about":[{"href":"https:\/\/www.nationalturk.com\/tr\/wp-json\/wp\/v2\/types\/post"}],"author":[{"embeddable":true,"href":"https:\/\/www.nationalturk.com\/tr\/wp-json\/wp\/v2\/users\/4"}],"replies":[{"embeddable":true,"href":"https:\/\/www.nationalturk.com\/tr\/wp-json\/wp\/v2\/comments?post=240005"}],"version-history":[{"count":0,"href":"https:\/\/www.nationalturk.com\/tr\/wp-json\/wp\/v2\/posts\/240005\/revisions"}],"wp:featuredmedia":[{"embeddable":true,"href":"https:\/\/www.nationalturk.com\/tr\/wp-json\/wp\/v2\/media\/240006"}],"wp:attachment":[{"href":"https:\/\/www.nationalturk.com\/tr\/wp-json\/wp\/v2\/media?parent=240005"}],"wp:term":[{"taxonomy":"category","embeddable":true,"href":"https:\/\/www.nationalturk.com\/tr\/wp-json\/wp\/v2\/categories?post=240005"},{"taxonomy":"post_tag","embeddable":true,"href":"https:\/\/www.nationalturk.com\/tr\/wp-json\/wp\/v2\/tags?post=240005"}],"curies":[{"name":"wp","href":"https:\/\/api.w.org\/{rel}","templated":true}]}}