{"id":240009,"date":"2016-10-11T12:21:38","date_gmt":"2016-10-11T09:21:38","guid":{"rendered":"http:\/\/www.nationalturk.com\/?p=240009"},"modified":"2016-10-11T12:21:38","modified_gmt":"2016-10-11T09:21:38","slug":"besiktastaki-divan-kurulu-davasinda-sok-iddialar","status":"publish","type":"post","link":"https:\/\/www.nationalturk.com\/tr\/besiktastaki-divan-kurulu-davasinda-sok-iddialar\/","title":{"rendered":"Be\u015fikta\u015f&#8217;taki Divan Kurulu davas\u0131nda \u015fok iddialar"},"content":{"rendered":"<h1>Y\u00f6netim kurulunun deste\u011fiyle Divan Kurulu Ba\u015fkanl\u0131k se\u00e7iminin iptal edilmesi, ard\u0131ndan da Ba\u015fkan Yal\u00e7\u0131n Karadeniz\u2019in Disiplin Kurulu\u2019na sevk edilmesi Be\u015fikta\u015f camias\u0131nda rahats\u0131zl\u0131k yaratt\u0131.<\/h1>\n<p><strong>Be\u015fikta\u015f Postas\u0131<\/strong>&#8216;n\u0131n haberine g\u00f6re\u00a0Be\u015fikta\u015f eski Genel Sekreterlerinden ve Divan Kurulu \u00fcyesi Haluk \u015eahbaz, Disiplin Kurulu\u2019na g\u00f6nderdi\u011fi yaz\u0131 ile \u015fok iddialarda bulundu.<\/p>\n<p>\u015eahbaz\u2019\u0131n \u00e7arp\u0131c\u0131 yaz\u0131s\u0131 \u015f\u00f6yle;<\/p>\n<p>B\u00fcy\u00fck Be\u015fikta\u015f\u2019\u0131n sayg\u0131deger Disiplin Kurulu<br \/>\n\u00fcyelerine a\u00e7\u0131k mektup<\/p>\n<p>Say\u0131n ba\u015fkan ve disiplin kurulumuzun say\u0131n \u00fcyeleri,<br \/>\nGer\u00e7ekleri bilmenize yard\u0131mc\u0131 olur kan\u0131s\u0131 ile divan kurulu ba\u015fkan\u0131n\u0131n disiplin kuruluna hangi sebep den verildi\u011fini kronolojik olarak anlatmaya \u00e7al\u0131\u015faca\u011f\u0131m.<br \/>\nGer\u00e7ek \u015fu anda g\u00f6r\u00fcld\u00fc\u011f\u00fc gibi de\u011fil. Bu ser\u00fcven \u00e7ok \u00f6nce ba\u015flad\u0131.<br \/>\n\u015e\u00f6yle ki;<br \/>\nSon divan kurulu ba\u015fkanl\u0131k se\u00e7imi \u00f6ncesi y\u00f6netim kurulunun Yal\u00e7\u0131n Karadeniz\u2019in ba\u015fkanl\u0131\u011f\u0131na kar\u015f\u0131 \u00e7\u0131kmas\u0131 ile ba\u015flad\u0131. kar\u015f\u0131s\u0131na y\u00f6netim kurulu aday\u0131 olarak say\u0131n Affan Ke\u00e7eci \u00e7\u0131kar\u0131ld\u0131.<br \/>\nArd\u0131ndan t\u00fcm divan \u00fcyelerine y\u00f6netim kurulumuzun destekledi\u011fi aday Affan Ke\u00e7eci ve listesidir diye mesajlar at\u0131ld\u0131.<br \/>\nBu mesajlar\u0131 cep telefonlar\u0131m\u0131za g\u00f6nderen ki\u015fi kul\u00fcp idari koordinat\u00f6r\u00fc Levent \u00c7ifter\u2019dir. Kul\u00fcp \u00e7al\u0131\u015fan\u0131n\u0131n b\u00f6yle bir hakk\u0131 var m\u0131d\u0131r?<br \/>\nBu etik bir davran\u0131\u015f m\u0131d\u0131r?<br \/>\nDivan kurulu \u00fcyeleri kurulan tezgah\u0131 anlad\u0131.<br \/>\nYal\u00e7\u0131n Karadeniz\u2019in listesi 5 aday kar\u015f\u0131s\u0131nda ezici bir \u00e7o\u011funlukla se\u00e7imi kazand\u0131.<br \/>\nSe\u00e7imden hemen sonra divan ba\u015fkanl\u0131\u011f\u0131 se\u00e7iminde aday olan ve se\u00e7imde ancak birka\u00e7 oy alabilmi\u015f olan Ali R\u0131za Dizdar se\u00e7imin iptali i\u00e7in dava a\u00e7t\u0131.<br \/>\nSe\u00e7imden sonraki ilk divan toplant\u0131m\u0131zda Ali R\u0131za Dizdar aya\u011fa kalkarak bu davay\u0131 kazanaca\u011f\u0131m g\u00f6receksiniz diye ba\u011f\u0131rd\u0131.<br \/>\nOysa kul\u00fcp o davaya itiraz dilek\u00e7esi vermi\u015fti.<br \/>\nPeki, Ali R\u0131za Dizdar kul\u00fcb\u00fcn itiraz dilek\u00e7esine ra\u011fmen kazanaca\u011f\u0131n\u0131 nereden biliyordu da divan toplant\u0131s\u0131nda bas bas ba\u011f\u0131rd\u0131.<br \/>\nD\u00fcnyada hi\u00e7bir avukat dava safahat\u0131nda davay\u0131 kazanaca\u011f\u0131 hakk\u0131nda bu kadar emin konu\u015famaz.<br \/>\nPeki iki celse aras\u0131nda ne oldu? \u0130ki taraf ars\u0131nda ne gibi bir anla\u015fma yap\u0131ld\u0131?<br \/>\nKim kime ne tavizler verdi?<br \/>\nMahkeme safahat\u0131na bakt\u0131\u011f\u0131n\u0131zda hemen g\u00f6receksiniz. Hakim davac\u0131 Ali R\u0131za Dizdar\u2019a sordu\u011funda biz anla\u015ft\u0131k say\u0131n hakim diye ifade veriyor. \u0130lk celsede bu davaya itiraz eden y\u00f6netim kurulu ikinci celsede itiraz\u0131n\u0131 kald\u0131r\u0131p davay\u0131 kabul ediyor ve davac\u0131 davay\u0131 kazan\u0131yor. \u0130ki celse aras\u0131nda daval\u0131 y\u00f6netim kurulu ile davac\u0131 Ali R\u0131za Dizdar aras\u0131nda ne gibi bir anla\u015fma oldu.<br \/>\nY\u00f6netim kurulunun di\u011fer davalardaki tutumlar\u0131na bakt\u0131\u011f\u0131m\u0131zda kul\u00fcb\u00fcn menfaati olan davalarda hep kaybetme yoluna gitti\u011fini veya kul\u00fcp lehine kazand\u0131\u011f\u0131m\u0131z davalarda temyize giderek kul\u00fcp menfaatlerine ayk\u0131r\u0131 hareket etti\u011fine \u015fahit olacaks\u0131n\u0131z.<br \/>\nBiz bu y\u00f6netim kurulunu kul\u00fcb\u00fcn menfaatlerini korumas\u0131 i\u00e7in mi yoksa kul\u00fcp menfaatlerine de\u011fil de di\u011fer baz\u0131 ki\u015filerin menfaatine hareket etsin diye mi se\u00e7tik.<br \/>\n\u0130nsan, acaba davac\u0131 eline ge\u00e7irdi\u011fi baz\u0131 bilgilerle ba\u015fkana bask\u0131 yapt\u0131 da kul\u00fcp avukat\u0131 onun i\u00e7in mi savunmas\u0131n\u0131 180 derece de\u011fi\u015ftirdi diye d\u00fc\u015f\u00fcnmeden kendini alam\u0131yor.<br \/>\nKul\u00fcp avukat\u0131na bu de\u011fi\u015fiklik talimat\u0131n\u0131 kim verdi?<br \/>\nKul\u00fcp avukat\u0131n\u0131n celsede yapt\u0131\u011f\u0131 bu 180 derecelik de\u011fi\u015fiklikten y\u00f6netim kurulu \u00fcyelerinin bilgisi ve onay\u0131 var m\u0131?<br \/>\nSoru o kadar \u00e7ok ki.<br \/>\nAncak ben senelerdir y\u00f6netim kuruluna sordu\u011fum hi\u00e7bir sorumun cevab\u0131n\u0131 alamad\u0131m.<br \/>\nGelelim denetim kurulu ba\u015fkan\u0131na,<br \/>\nDivan ba\u015fkanl\u0131\u011f\u0131n\u0131n divan \u00fcyelerine kul\u00fcb\u00fcn borcu ile ilgili bilgilendirme yaz\u0131s\u0131 \u00fczerinden uzun bir zaman ge\u00e7tikten sonra denetim kurulu ba\u015fkan\u0131 birdenbire celallendi.<br \/>\nKul\u00fcb\u00fcm\u00fcz\u00fcn en y\u00fcksek organ\u0131 olan divan kurulunun yani kul\u00fcb\u00fcm\u00fcz\u00fcn senatosunun ba\u015fkan\u0131n\u0131 haysiyet divan\u0131na sevk edilmesini talep etti.<br \/>\nBundan denetleme kurulu ba\u015fkan\u0131n\u0131n kul\u00fcp t\u00fcz\u00fc\u011f\u00fcn\u00fc bilmedi\u011fi anla\u015f\u0131l\u0131yor. Kul\u00fcb\u00fcn\u00fcn t\u00fcz\u00fc\u011f\u00fcnden bihaber bir ki\u015finin o makamda oturmamas\u0131 gerekir.<br \/>\nAyr\u0131ca yapt\u0131\u011f\u0131 gereksiz i\u015f ile d\u00fcnya spor tarihinde belki de bir ilki ger\u00e7ekle\u015ftirdi. kendisini kutluyorum.<br \/>\n1 \u2013 Kul\u00fcp t\u00fcz\u00fc\u011f\u00fcm\u00fcz\u00fcn divan kurulu ile ilgili 30 a ve 30 b maddeleri tetkik edildi\u011finde, kul\u00fcp divan ba\u015fkanl\u0131\u011f\u0131n\u0131n divan \u00fcyelerini bilgilendirmekle g\u00f6revini yapt\u0131\u011f\u0131 g\u00f6r\u00fclecektir.<br \/>\n2 \u2013 Bug\u00fcne kadar ge\u00e7en t\u00fcm safahat ortada bir kumpas oldu\u011funu g\u00f6stermektedir.<br \/>\n3 \u2013 Kul\u00fcb\u00fcm\u00fcz\u00fcn gidi\u015fat\u0131 ile ilgili beyanlarda bulunan ve do\u011fru yolu g\u00f6stermeye \u00e7al\u0131\u015fan bir\u00e7ok ki\u015fi y\u00f6netim kurulunun haks\u0131z ve hukuksuz \u00f6nerileri ile kul\u00fcb\u00fcm\u00fczden ihra\u00e7 edildi. Bu defa olay vahim, gidi\u015fat tehlikelidir.<br \/>\n\u0130yi de\u011ferlendirmeniz gerekmektedir<br \/>\nNetice olarak;<br \/>\nSayg\u0131de\u011fer disiplin kurulu \u00fcyeleri,<br \/>\nSizlerin b\u00f6yle bir kumpasa alet olmayaca\u011f\u0131n\u0131zdan, b\u00f6ylesine mesnetsiz ve ger\u00e7eklerden uzak, acemice kurgulanm\u0131\u015f bir olayda yer almayaca\u011f\u0131n\u0131zdan eminim. Bu konuda en ufak bir ku\u015fku duymuyorum.<br \/>\nDerin sayg\u0131lar\u0131mla,<br \/>\n<strong>Haluk \u015eahbaz<\/strong><br \/>\n<strong> Divan \u00dcyesi<\/strong><\/p>\n<!-- Error, Advert is not available at this time due to schedule\/geolocation restrictions! -->\n","protected":false},"excerpt":{"rendered":"<p>Y\u00f6netim kurulunun deste\u011fiyle Divan Kurulu Ba\u015fkanl\u0131k se\u00e7iminin iptal edilmesi, ard\u0131ndan da Ba\u015fkan Yal\u00e7\u0131n Karadeniz\u2019in Disiplin Kurulu\u2019na sevk edilmesi Be\u015fikta\u015f camias\u0131nda rahats\u0131zl\u0131k yaratt\u0131. Be\u015fikta\u015f Postas\u0131&#8216;n\u0131n haberine g\u00f6re\u00a0Be\u015fikta\u015f eski Genel Sekreterlerinden ve Divan Kurulu \u00fcyesi Haluk \u015eahbaz, Disiplin Kurulu\u2019na g\u00f6nderdi\u011fi yaz\u0131 ile \u015fok iddialarda bulundu. \u015eahbaz\u2019\u0131n \u00e7arp\u0131c\u0131 yaz\u0131s\u0131 \u015f\u00f6yle; B\u00fcy\u00fck Be\u015fikta\u015f\u2019\u0131n sayg\u0131deger Disiplin Kurulu \u00fcyelerine a\u00e7\u0131k mektup &hellip;<\/p>\n","protected":false},"author":4,"featured_media":240010,"comment_status":"open","ping_status":"open","sticky":false,"template":"","format":"standard","meta":{"_acf_changed":false,"footnotes":""},"categories":[6774,5005,6194],"tags":[40036,1748,13298,27771,199007,5164],"class_list":["post-240009","post","type-post","status-publish","format-standard","has-post-thumbnail","hentry","category-futbol","category-manset","category-spor","tag-ali-riza-dizdar","tag-besiktas","tag-besiktas-divan-kurulu","tag-divan-kurulu","tag-haluk-sahbaz","tag-yalcin-karadeniz"],"acf":[],"_links":{"self":[{"href":"https:\/\/www.nationalturk.com\/tr\/wp-json\/wp\/v2\/posts\/240009","targetHints":{"allow":["GET"]}}],"collection":[{"href":"https:\/\/www.nationalturk.com\/tr\/wp-json\/wp\/v2\/posts"}],"about":[{"href":"https:\/\/www.nationalturk.com\/tr\/wp-json\/wp\/v2\/types\/post"}],"author":[{"embeddable":true,"href":"https:\/\/www.nationalturk.com\/tr\/wp-json\/wp\/v2\/users\/4"}],"replies":[{"embeddable":true,"href":"https:\/\/www.nationalturk.com\/tr\/wp-json\/wp\/v2\/comments?post=240009"}],"version-history":[{"count":0,"href":"https:\/\/www.nationalturk.com\/tr\/wp-json\/wp\/v2\/posts\/240009\/revisions"}],"wp:featuredmedia":[{"embeddable":true,"href":"https:\/\/www.nationalturk.com\/tr\/wp-json\/wp\/v2\/media\/240010"}],"wp:attachment":[{"href":"https:\/\/www.nationalturk.com\/tr\/wp-json\/wp\/v2\/media?parent=240009"}],"wp:term":[{"taxonomy":"category","embeddable":true,"href":"https:\/\/www.nationalturk.com\/tr\/wp-json\/wp\/v2\/categories?post=240009"},{"taxonomy":"post_tag","embeddable":true,"href":"https:\/\/www.nationalturk.com\/tr\/wp-json\/wp\/v2\/tags?post=240009"}],"curies":[{"name":"wp","href":"https:\/\/api.w.org\/{rel}","templated":true}]}}