{"id":240012,"date":"2016-10-11T12:40:18","date_gmt":"2016-10-11T09:40:18","guid":{"rendered":"http:\/\/www.nationalturk.com\/?p=240012"},"modified":"2016-10-11T13:49:30","modified_gmt":"2016-10-11T10:49:30","slug":"son-dakika-canli-bomba-operasyonu-2-olu","status":"publish","type":"post","link":"https:\/\/www.nationalturk.com\/tr\/son-dakika-canli-bomba-operasyonu-2-olu\/","title":{"rendered":"Son Dakika! Canl\u0131 bomba operasyonu: 2 \u00f6l\u00fc"},"content":{"rendered":"<h1>\u015e\u0131rnak&#8217;\u0131n Cizre il\u00e7esinde bir eve d\u00fczenlenen operasyonda canl\u0131 bomba olduklar\u0131 ileri s\u00fcr\u00fclen 2 ki\u015fi \u00f6ld\u00fcr\u00fcld\u00fc. \/ Son Dakika&#8230;<\/h1>\n<p>Al\u0131nan bilgilere g\u00f6re olay Da\u011fkap\u0131 Mahallesi Ar\u0131kan Sokak\u2019taki tek katl\u0131 bir evde meydana geldi. \u0130hbar \u00fczerine operasyon d\u00fczenleyen g\u00fcvenlik g\u00fc\u00e7lerinin &#8220;teslim ol&#8221; \u00e7a\u011fr\u0131s\u0131na ter\u00f6ristlerin ate\u015f a\u00e7arak kar\u015f\u0131l\u0131k vermesiyle \u00e7\u0131kan \u00e7at\u0131\u015fmada\u00a0canl\u0131 bomba olduklar\u0131 de\u011ferlendirilen 2 ter\u00f6rist \u00f6l\u00fc ele ge\u00e7ti. Suriye uyruklu olduklar\u0131 ileri s\u00fcr\u00fclen 2 ter\u00f6ristin, resmi kurumlara ve siyasi partilere y\u00f6nelim \u2019canl\u0131 bomba\u2019 eylemine haz\u0131rland\u0131\u011f\u0131 belirtildi.<\/p>\n<p>\u00c7at\u0131\u015fmadan sonra eve giren g\u00fcvenlik g\u00fc\u00e7leri \u00f6len 2 ki\u015finin cesetlerini, Cizre Devlet Hastanesi morguna kald\u0131r\u0131rken, olay ile ilgili 5 ki\u015finin de g\u00f6zalt\u0131na al\u0131narak \u0130l\u00e7e Emniyet M\u00fcd\u00fcrl\u00fc\u011f\u00fc\u2019ne g\u00f6t\u00fcr\u00fcld\u00fc.<\/p>\n<p>\u00d6l\u00fc ele ge\u00e7en PKK\u2019l\u0131 2 ter\u00f6ristin operasyon s\u0131ras\u0131nda \u00fczerlerindeki patlay\u0131c\u0131n\u0131n infilak etmesi sonucu \u00f6ld\u00fc\u011f\u00fc ihtimali bulundu\u011fu, kesin \u00f6l\u00fcm nedeninin otopside belli olaca\u011f\u0131 belirtildi.<\/p>\n<!-- Error, Advert is not available at this time due to schedule\/geolocation restrictions! -->\n","protected":false},"excerpt":{"rendered":"<p>\u015e\u0131rnak&#8217;\u0131n Cizre il\u00e7esinde bir eve d\u00fczenlenen operasyonda canl\u0131 bomba olduklar\u0131 ileri s\u00fcr\u00fclen 2 ki\u015fi \u00f6ld\u00fcr\u00fcld\u00fc. \/ Son Dakika&#8230; Al\u0131nan bilgilere g\u00f6re olay Da\u011fkap\u0131 Mahallesi Ar\u0131kan Sokak\u2019taki tek katl\u0131 bir evde meydana geldi. \u0130hbar \u00fczerine operasyon d\u00fczenleyen g\u00fcvenlik g\u00fc\u00e7lerinin &#8220;teslim ol&#8221; \u00e7a\u011fr\u0131s\u0131na ter\u00f6ristlerin ate\u015f a\u00e7arak kar\u015f\u0131l\u0131k vermesiyle \u00e7\u0131kan \u00e7at\u0131\u015fmada\u00a0canl\u0131 bomba olduklar\u0131 de\u011ferlendirilen 2 ter\u00f6rist \u00f6l\u00fc ele &hellip;<\/p>\n","protected":false},"author":4,"featured_media":239817,"comment_status":"open","ping_status":"open","sticky":false,"template":"","format":"standard","meta":{"_acf_changed":false,"footnotes":""},"categories":[6155,5005,349,6805],"tags":[52248,12663,27382],"class_list":["post-240012","post","type-post","status-publish","format-standard","has-post-thumbnail","hentry","category-gundem","category-manset","category-son-dakika","category-turkiye","tag-canli-bomba","tag-cizre","tag-son-dakika"],"acf":[],"_links":{"self":[{"href":"https:\/\/www.nationalturk.com\/tr\/wp-json\/wp\/v2\/posts\/240012","targetHints":{"allow":["GET"]}}],"collection":[{"href":"https:\/\/www.nationalturk.com\/tr\/wp-json\/wp\/v2\/posts"}],"about":[{"href":"https:\/\/www.nationalturk.com\/tr\/wp-json\/wp\/v2\/types\/post"}],"author":[{"embeddable":true,"href":"https:\/\/www.nationalturk.com\/tr\/wp-json\/wp\/v2\/users\/4"}],"replies":[{"embeddable":true,"href":"https:\/\/www.nationalturk.com\/tr\/wp-json\/wp\/v2\/comments?post=240012"}],"version-history":[{"count":0,"href":"https:\/\/www.nationalturk.com\/tr\/wp-json\/wp\/v2\/posts\/240012\/revisions"}],"wp:featuredmedia":[{"embeddable":true,"href":"https:\/\/www.nationalturk.com\/tr\/wp-json\/wp\/v2\/media\/239817"}],"wp:attachment":[{"href":"https:\/\/www.nationalturk.com\/tr\/wp-json\/wp\/v2\/media?parent=240012"}],"wp:term":[{"taxonomy":"category","embeddable":true,"href":"https:\/\/www.nationalturk.com\/tr\/wp-json\/wp\/v2\/categories?post=240012"},{"taxonomy":"post_tag","embeddable":true,"href":"https:\/\/www.nationalturk.com\/tr\/wp-json\/wp\/v2\/tags?post=240012"}],"curies":[{"name":"wp","href":"https:\/\/api.w.org\/{rel}","templated":true}]}}