{"id":24014,"date":"2010-05-19T14:28:15","date_gmt":"2010-05-19T12:28:15","guid":{"rendered":"http:\/\/www.nationalturk.com\/?p=24014"},"modified":"2022-09-20T10:24:48","modified_gmt":"2022-09-20T07:24:48","slug":"besiktastan-aziz-yildirima-sert-yanit-3765109","status":"publish","type":"post","link":"https:\/\/www.nationalturk.com\/tr\/besiktastan-aziz-yildirima-sert-yanit-3765109\/","title":{"rendered":"Be\u015fikta\u015f, Fenerbah\u00e7e Ba\u015fkan\u0131 Aziz Y\u0131ld\u0131r\u0131m&#8217;a sert yan\u0131t verdi"},"content":{"rendered":"<h2>Be\u015fikta\u015f&#8217;\u0131n, Fenerbah\u00e7e Ba\u015fkan\u0131 Aziz Y\u0131ld\u0131r\u0131m &#8216;a cevab\u0131<\/h2>\n<p><span style=\"font-family: -apple-system, BlinkMacSystemFont, 'Segoe UI', Roboto, Oxygen, Oxygen-Sans, Ubuntu, Cantarell, 'Helvetica Neue', 'Open Sans', Arial, sans-serif;\">Yap\u0131lan a\u00e7\u0131klama \u015f\u00f6yle:\u00a0Say\u0131n ba\u015fkan\u0131n b\u00fcy\u00fck s\u00f6zler verdikten sonra, yerine getirilememi\u015f vaatlerinin yaratt\u0131\u011f\u0131 stresten T\u00fcrk futbolunu bir kaos ortam\u0131na sokmak ve de\u011fi\u015fik metotlarla hedef sapt\u0131rma \u00e7abalar\u0131n\u0131n sonu\u00e7suz kald\u0131\u011f\u0131 g\u00f6r\u00fclmektedir.<\/span><\/p>\n<p>\u015eu bir ger\u00e7ektir ki, T\u00fcrk futbol kamuoyu Fenerbah\u00e7e Ba\u015fkan\u0131 Say\u0131n Y\u0131ld\u0131r\u0131m\u2019\u0131n bu tarz\u0131ndan, bu yakla\u015f\u0131m\u0131ndan s\u0131k\u0131lm\u0131\u015ft\u0131r; kendisine kaybetti\u011fi zaman kaybetti\u011fini ve hatal\u0131 oldu\u011funu kabullenmenin de b\u00fcy\u00fckl\u00fck oldu\u011fu hat\u0131rlat\u0131lmal\u0131d\u0131r. Ba\u015fkan\u0131 oldu\u011fu Fenerbah\u00e7e Spor Kul\u00fcb\u00fc\u2019n\u00fcn b\u00fcy\u00fckl\u00fc\u011f\u00fcne yak\u0131\u015fan yakla\u015f\u0131m ancak bu olur.<\/p>\n<p>Fenerbah\u00e7e Ba\u015fkan\u0131 Say\u0131n Y\u0131ld\u0131r\u0131m\u2019\u0131n konu\u015fmas\u0131 i\u00e7erisinde ge\u00e7en oyuncumuz R\u00fc\u015ft\u00fc Re\u00e7ber ile ilgili bir tak\u0131m imal\u0131 beyanatlar\u0131na da cevap verme gere\u011fi duyduk.<\/p>\n<p>Oyuncumuz R\u00fc\u015ft\u00fc Re\u00e7ber&#8217;in 24 saatini kul\u00fcb\u00fc i\u00e7in harcayan bir sporcu olarak ba\u015fka tak\u0131mlardaki meslekta\u015flar\u0131yla onlar\u0131n ma\u00e7lar\u0131nda korkmadan ve cesurca oynamalar\u0131yla ilgili telefon g\u00f6r\u00fc\u015fmesi veya \u015fahsi g\u00f6r\u00fc\u015fme yapmas\u0131 kadar do\u011fal bir \u015fey yoktur.<\/p>\n<p>Oyuncular aras\u0131nda bu t\u00fcr diyaloglar her zaman olmu\u015ftur, bundan sonra da olacakt\u0131r. Oyuncumuz \u201cYenilin\u201d dememi\u015ftir, tehdit etmemi\u015ftir, para teklifinde bulunmam\u0131\u015ft\u0131r.<\/p>\n<p>Ancak burada hayret edilmesi ve sorgulanmas\u0131 gereken mesele, oyuncumuz R\u00fc\u015ft\u00fc Re\u00e7ber&#8217;in bu oyuncular\u0131 aramas\u0131 de\u011fil, Fenerbah\u00e7e Spor Kul\u00fcb\u00fc Ba\u015fkan\u0131\u2019n\u0131n kendilerinin rakibi olan tak\u0131mlardaki bu oyuncular\u0131n R\u00fc\u015ft\u00fc&#8217;yle g\u00f6r\u00fc\u015ft\u00fcklerini bilecek, R\u00fc\u015ft\u00fc\u2019n\u00fcn g\u00f6nderdi\u011fi telefon mesajlar\u0131n\u0131 okuyacak kadar hayatlar\u0131n\u0131n i\u00e7inde nas\u0131l olabildi\u011fidir.<\/p>\n<p>Spor kamuoyunun \u00e7ok iyi hat\u0131rlayaca\u011f\u0131 gibi Galatasaray Spor Kul\u00fcb\u00fc Ba\u015fkan\u0131 Say\u0131n Adnan Polat, k\u0131sa bir s\u00fcre \u00f6nce Fenerbah\u00e7e\u2019nin rakiplerinin kalecilerine ahlaks\u0131z teklifler yap\u0131ld\u0131\u011f\u0131 konusundaki duyumlar\u0131n\u0131 dile getirmi\u015fti.<\/p>\n<p>Bu a\u00e7\u0131klamayla ilgili ne hikmetse suskun kalan Y\u0131ld\u0131r\u0131m, Bursaspor-Be\u015fikta\u015f ma\u00e7\u0131ndan iki g\u00fcn \u00f6nce kendi karde\u015fini R\u00fc\u015ft\u00fc Re\u00e7ber&#8217;e g\u00f6ndererek, onun Bursaspor ma\u00e7\u0131nda farkl\u0131 bir \u00e7izgide ma\u00e7 \u00e7\u0131karmas\u0131 konusunda uyarmas\u0131n\u0131 kamuoyuna nas\u0131l a\u00e7\u0131klayaca\u011f\u0131n\u0131 hep birlikte merak ediyoruz.\u00a0Kamuoyunun bilgilerin sayg\u0131lar\u0131m\u0131zla sunar\u0131z&#8230;<\/p>\n<span style=\"font-weight: bold; color: #f00;\">Error, group does not exist! Check your syntax! (ID: 190)<\/span>\n","protected":false},"excerpt":{"rendered":"<p>Be\u015fikta\u015f Kul\u00fcb\u00fc, Fenerbah\u00e7e Kul\u00fcb\u00fc Ba\u015fkan\u0131 Aziz Y\u0131ld\u0131r\u0131m\u2019\u0131n, bug\u00fcn yapt\u0131\u011f\u0131 toplant\u0131da kalecisi R\u00fc\u015ft\u00fc Re\u00e7ber\u2019e y\u00f6nelik su\u00e7lamalara, sert bir a\u00e7\u0131klamayla yan\u0131t verdi.<\/p>\n","protected":false},"author":28,"featured_media":232379,"comment_status":"open","ping_status":"open","sticky":false,"template":"","format":"standard","meta":{"_acf_changed":false,"footnotes":""},"categories":[6774],"tags":[9935,5058,25651,1748,21827,25963,849,10677,902,4114,21442,9288,8914],"class_list":["post-24014","post","type-post","status-publish","format-standard","has-post-thumbnail","hentry","category-futbol","tag-adnan-polat","tag-aziz-yildirim","tag-baskan-aziz-yildirim","tag-besiktas","tag-besiktas-kulubu","tag-bursaspor-besiktas","tag-fenerbahce","tag-fenerbahce-baskani","tag-fenerbahce-kulubu","tag-galatasaray","tag-galatasaray-baskani-adnan-polat","tag-rustu-recber","tag-turk-futbolu"],"acf":[],"_links":{"self":[{"href":"https:\/\/www.nationalturk.com\/tr\/wp-json\/wp\/v2\/posts\/24014","targetHints":{"allow":["GET"]}}],"collection":[{"href":"https:\/\/www.nationalturk.com\/tr\/wp-json\/wp\/v2\/posts"}],"about":[{"href":"https:\/\/www.nationalturk.com\/tr\/wp-json\/wp\/v2\/types\/post"}],"author":[{"embeddable":true,"href":"https:\/\/www.nationalturk.com\/tr\/wp-json\/wp\/v2\/users\/28"}],"replies":[{"embeddable":true,"href":"https:\/\/www.nationalturk.com\/tr\/wp-json\/wp\/v2\/comments?post=24014"}],"version-history":[{"count":0,"href":"https:\/\/www.nationalturk.com\/tr\/wp-json\/wp\/v2\/posts\/24014\/revisions"}],"wp:featuredmedia":[{"embeddable":true,"href":"https:\/\/www.nationalturk.com\/tr\/wp-json\/wp\/v2\/media\/232379"}],"wp:attachment":[{"href":"https:\/\/www.nationalturk.com\/tr\/wp-json\/wp\/v2\/media?parent=24014"}],"wp:term":[{"taxonomy":"category","embeddable":true,"href":"https:\/\/www.nationalturk.com\/tr\/wp-json\/wp\/v2\/categories?post=24014"},{"taxonomy":"post_tag","embeddable":true,"href":"https:\/\/www.nationalturk.com\/tr\/wp-json\/wp\/v2\/tags?post=24014"}],"curies":[{"name":"wp","href":"https:\/\/api.w.org\/{rel}","templated":true}]}}