{"id":240187,"date":"2016-10-14T11:34:11","date_gmt":"2016-10-14T08:34:11","guid":{"rendered":"http:\/\/www.nationalturk.com\/?p=240187"},"modified":"2016-10-14T13:05:38","modified_gmt":"2016-10-14T10:05:38","slug":"son-dakika-antalyada-roketli-saldiri","status":"publish","type":"post","link":"https:\/\/www.nationalturk.com\/tr\/son-dakika-antalyada-roketli-saldiri\/","title":{"rendered":"Son Dakika: Antalya&#8217;da roketli sald\u0131r\u0131"},"content":{"rendered":"<h1>Antalya&#8217;da ter\u00f6r sald\u0131r\u0131s\u0131! Antalya- Kemer Karayolu \u00fczerindeki bir bal\u0131k\u00e7\u0131 bar\u0131na\u011f\u0131na \u00fc\u00e7 roket at\u0131ld\u0131. \/ Son Dakika&#8230;<\/h1>\n<p>Al\u0131nan bilgilere g\u00f6re\u00a0Antalya-Kemer Karayolu \u00fczerindeki da\u011fl\u0131k alandan Bal\u0131k\u00e7\u0131 Bar\u0131na\u011f\u0131&#8217;na \u00fc\u00e7 roket at\u0131ld\u0131.\u00a0Roketlerden biri bir bal\u0131k\u00e7\u0131 firmas\u0131n\u0131n d\u00fckkan\u0131na isabet ederken b\u00f6lgeye ambulans ile \u00f6zel harekat timleri g\u00f6nderildi.<\/p>\n<p>Polis, da\u011fl\u0131k alanda roketin at\u0131ld\u0131\u011f\u0131 b\u00f6lgeye do\u011fru operasyon ba\u015flatt\u0131. Roket ve patlama nedeniyle yaral\u0131 olmad\u0131\u011f\u0131 \u00f6\u011frenildi.<\/p>\n<p>Antalya Valili\u011finden yap\u0131lan yaz\u0131l\u0131 a\u00e7\u0131klamada, Konyaalt\u0131 il\u00e7esi \u00c7alt\u0131cak Bal\u0131k\u00e7\u0131 Bar\u0131na\u011f\u0131 b\u00f6lgesinde patlama meydana geldi\u011fi bildirildi.<\/p>\n<p>Patlaman\u0131n sebebinin ara\u015ft\u0131r\u0131ld\u0131\u011f\u0131 belirtilen a\u00e7\u0131klamada, &#8220;Patlamada herhangi bir can kayb\u0131 ve yaralanma s\u00f6z konusu de\u011fildir, herhangi bir maddi zarar da olu\u015fmam\u0131\u015ft\u0131r.&#8221; denildi.<\/p>\n<p>\u00d6te yandan, Antalya&#8217;ya yakla\u015f\u0131k 15 kilometre mesafedeki bal\u0131k\u00e7\u0131 bar\u0131na\u011f\u0131n\u0131n bulundu\u011fu alandaki patlaman\u0131n ard\u0131ndan polis, sa\u011fl\u0131k ve itfaiye ekipleri b\u00f6lgeye sevk edildi. Karayolunda g\u00fcvenlik \u00f6nlemleri alan polis ekipleri, b\u00f6lgede geni\u015f \u00e7apl\u0131 operasyon ba\u015flatt\u0131.<\/p>\n<p>Patlaman\u0131n etkisiyle ta\u015f par\u00e7alar\u0131n\u0131n savruldu\u011fu karayolunda, polis ekiplerinin yapt\u0131\u011f\u0131 incelemenin ard\u0131ndan ula\u015f\u0131m normale d\u00f6nd\u00fc.<\/p>\n<!-- Error, Advert is not available at this time due to schedule\/geolocation restrictions! -->\n","protected":false},"excerpt":{"rendered":"<p>Antalya&#8217;da ter\u00f6r sald\u0131r\u0131s\u0131! Antalya- Kemer Karayolu \u00fczerindeki bir bal\u0131k\u00e7\u0131 bar\u0131na\u011f\u0131na \u00fc\u00e7 roket at\u0131ld\u0131. \/ Son Dakika&#8230; Al\u0131nan bilgilere g\u00f6re\u00a0Antalya-Kemer Karayolu \u00fczerindeki da\u011fl\u0131k alandan Bal\u0131k\u00e7\u0131 Bar\u0131na\u011f\u0131&#8217;na \u00fc\u00e7 roket at\u0131ld\u0131.\u00a0Roketlerden biri bir bal\u0131k\u00e7\u0131 firmas\u0131n\u0131n d\u00fckkan\u0131na isabet ederken b\u00f6lgeye ambulans ile \u00f6zel harekat timleri g\u00f6nderildi. Polis, da\u011fl\u0131k alanda roketin at\u0131ld\u0131\u011f\u0131 b\u00f6lgeye do\u011fru operasyon ba\u015flatt\u0131. Roket ve patlama nedeniyle &hellip;<\/p>\n","protected":false},"author":4,"featured_media":240188,"comment_status":"open","ping_status":"open","sticky":false,"template":"","format":"standard","meta":{"_acf_changed":false,"footnotes":""},"categories":[6155,5005,349,6805],"tags":[730,1403,27382],"class_list":["post-240187","post","type-post","status-publish","format-standard","has-post-thumbnail","hentry","category-gundem","category-manset","category-son-dakika","category-turkiye","tag-antalya","tag-kemer","tag-son-dakika"],"acf":[],"_links":{"self":[{"href":"https:\/\/www.nationalturk.com\/tr\/wp-json\/wp\/v2\/posts\/240187","targetHints":{"allow":["GET"]}}],"collection":[{"href":"https:\/\/www.nationalturk.com\/tr\/wp-json\/wp\/v2\/posts"}],"about":[{"href":"https:\/\/www.nationalturk.com\/tr\/wp-json\/wp\/v2\/types\/post"}],"author":[{"embeddable":true,"href":"https:\/\/www.nationalturk.com\/tr\/wp-json\/wp\/v2\/users\/4"}],"replies":[{"embeddable":true,"href":"https:\/\/www.nationalturk.com\/tr\/wp-json\/wp\/v2\/comments?post=240187"}],"version-history":[{"count":0,"href":"https:\/\/www.nationalturk.com\/tr\/wp-json\/wp\/v2\/posts\/240187\/revisions"}],"wp:featuredmedia":[{"embeddable":true,"href":"https:\/\/www.nationalturk.com\/tr\/wp-json\/wp\/v2\/media\/240188"}],"wp:attachment":[{"href":"https:\/\/www.nationalturk.com\/tr\/wp-json\/wp\/v2\/media?parent=240187"}],"wp:term":[{"taxonomy":"category","embeddable":true,"href":"https:\/\/www.nationalturk.com\/tr\/wp-json\/wp\/v2\/categories?post=240187"},{"taxonomy":"post_tag","embeddable":true,"href":"https:\/\/www.nationalturk.com\/tr\/wp-json\/wp\/v2\/tags?post=240187"}],"curies":[{"name":"wp","href":"https:\/\/api.w.org\/{rel}","templated":true}]}}