{"id":240266,"date":"2016-10-15T12:04:51","date_gmt":"2016-10-15T09:04:51","guid":{"rendered":"http:\/\/www.nationalturk.com\/?p=240266"},"modified":"2022-09-12T13:14:13","modified_gmt":"2022-09-12T10:14:13","slug":"emre-morun-kirmizi-karti-sonrasi-aciklama-ozur-dilerim","status":"publish","type":"post","link":"https:\/\/www.nationalturk.com\/tr\/emre-morun-kirmizi-karti-sonrasi-aciklama-ozur-dilerim\/","title":{"rendered":"Emre Mor&#8217;un k\u0131rm\u0131z\u0131 kart\u0131 sonras\u0131 a\u00e7\u0131klama: \u00d6z\u00fcr dilerim"},"content":{"rendered":"<h2>Emre Mor&#8217;un k\u0131rm\u0131z\u0131 kart g\u00f6rmesine sebep olan Sebastian Langkamp, &#8216;harekete a\u015f\u0131r\u0131 tepki g\u00f6sterdim, \u00f6z\u00fcr dilerim&#8217; dedi.<\/h2>\n<p>Almanya 1. Futbol Ligi&#8217;nde (Bundesliga) Borussia Dortmund ile Hertha Berlin aras\u0131nda oynanan ma\u00e7ta milli futbolcu Emre Mor&#8217;un k\u0131rm\u0131z\u0131 kart g\u00f6rmesine sebebiyet veren Sebastian Langkamp, karar\u0131n do\u011fru olmad\u0131\u011f\u0131n\u0131 belirterek \u00f6z\u00fcr diledi.<\/p>\n<p>Alman bas\u0131n\u0131na konu\u015fan Hertha Berlinli 28 ya\u015f\u0131ndaki oyuncu Langkamp, Borussia Dortmund&#8217;da forma giyen Emre Mor&#8217;un hareketi sonras\u0131nda abart\u0131l\u0131 bir reaksiyon g\u00f6sterdi\u011fini kaydetti.<\/p>\n<p>Langkamp, ma\u00e7taki atmosferden etkilendi\u011fini ve milli futbolcuya k\u0131rm\u0131z\u0131 kart verilmesinin a\u011f\u0131r bir karar oldu\u011funu vurgulayarak, &#8220;M\u00fcsabakan\u0131n s\u0131cakl\u0131\u011f\u0131yla harekete a\u015f\u0131r\u0131 tepki g\u00f6sterdim, \u00f6z\u00fcr dilerim. Kesinlikle k\u0131rm\u0131z\u0131 kart de\u011fildi.&#8221; de\u011ferlendirmesinde bulundu.<\/p>\n<p>Borussia Dortmund Teknik Direkt\u00f6r\u00fc Thomas Tuchel ise bu konuda bir \u015fey s\u00f6ylemeyece\u011fini aktararak, &#8220;Pozisyonu g\u00f6rd\u00fcm. Langkamp zaten gereken her \u015feyi s\u00f6yledi.&#8221; ifadelerini kulland\u0131.<\/p>\n<p>Emre Mor, 1-1 berabere biten kar\u015f\u0131la\u015fman\u0131n 84. dakikas\u0131nda kendisini faulle durduran Sebastian Langkamp&#8217;a tepki g\u00f6stermi\u015f ve rakibini elleriyle itince k\u0131rm\u0131z\u0131 kartla oyun d\u0131\u015f\u0131nda kalm\u0131\u015ft\u0131.<\/p>\n<!-- Error, Advert is not available at this time due to schedule\/geolocation restrictions! -->\n","protected":false},"excerpt":{"rendered":"<p>Emre Mor&#8217;un k\u0131rm\u0131z\u0131 kart g\u00f6rmesine sebep olan Sebastian Langkamp, &#8216;harekete a\u015f\u0131r\u0131 tepki g\u00f6sterdim, \u00f6z\u00fcr dilerim&#8217; dedi.<\/p>\n","protected":false},"author":3,"featured_media":240268,"comment_status":"open","ping_status":"open","sticky":false,"template":"","format":"standard","meta":{"_acf_changed":false,"footnotes":""},"categories":[6774,5005,6194],"tags":[46019,205692,15,21033],"class_list":["post-240266","post","type-post","status-publish","format-standard","has-post-thumbnail","hentry","category-futbol","category-manset","category-spor","tag-borussia-dortmund","tag-emre-mor","tag-ispanya","tag-la-liga"],"acf":[],"_links":{"self":[{"href":"https:\/\/www.nationalturk.com\/tr\/wp-json\/wp\/v2\/posts\/240266","targetHints":{"allow":["GET"]}}],"collection":[{"href":"https:\/\/www.nationalturk.com\/tr\/wp-json\/wp\/v2\/posts"}],"about":[{"href":"https:\/\/www.nationalturk.com\/tr\/wp-json\/wp\/v2\/types\/post"}],"author":[{"embeddable":true,"href":"https:\/\/www.nationalturk.com\/tr\/wp-json\/wp\/v2\/users\/3"}],"replies":[{"embeddable":true,"href":"https:\/\/www.nationalturk.com\/tr\/wp-json\/wp\/v2\/comments?post=240266"}],"version-history":[{"count":0,"href":"https:\/\/www.nationalturk.com\/tr\/wp-json\/wp\/v2\/posts\/240266\/revisions"}],"wp:featuredmedia":[{"embeddable":true,"href":"https:\/\/www.nationalturk.com\/tr\/wp-json\/wp\/v2\/media\/240268"}],"wp:attachment":[{"href":"https:\/\/www.nationalturk.com\/tr\/wp-json\/wp\/v2\/media?parent=240266"}],"wp:term":[{"taxonomy":"category","embeddable":true,"href":"https:\/\/www.nationalturk.com\/tr\/wp-json\/wp\/v2\/categories?post=240266"},{"taxonomy":"post_tag","embeddable":true,"href":"https:\/\/www.nationalturk.com\/tr\/wp-json\/wp\/v2\/tags?post=240266"}],"curies":[{"name":"wp","href":"https:\/\/api.w.org\/{rel}","templated":true}]}}